{"id":9857,"date":"2024-02-02T18:00:00","date_gmt":"2024-02-02T17:00:00","guid":{"rendered":"https:\/\/www.transports-coue.fr\/?p=9857"},"modified":"2024-02-13T09:39:41","modified_gmt":"2024-02-13T08:39:41","slug":"nos-camions-gaz-gnc-ont-economises-132-tonnes-de-co2-en-2023","status":"publish","type":"post","link":"https:\/\/www.transports-coue.fr\/fr\/nos-camions-gaz-gnc-ont-economises-132-tonnes-de-co2-en-2023\/","title":{"rendered":"Nos camions gaz (GNC) ont \u00e9conomis\u00e9s 132 tonnes de CO2 en 2023 !"},"content":{"rendered":"<p data-pm-slice=\"1 1 []\">\ud83c\udf0d Le Groupe Cou\u00e9 <a href=\"https:\/\/www.transports-coue.fr\/fr\/transport\/grand-volume\/\" target=\"_blank\" rel=\"noopener\">TRM<\/a> est engag\u00e9 depuis plusieurs ann\u00e9es en faveur du d\u00e9veloppement durable en adoptant une approche \u00e9coresponsable \ud83c\udf31 dans tous les aspects de ses activit\u00e9s.<\/p>\n<p>Un des piliers de notre engagement environnemental est la <strong>transition<\/strong> vers des moyens de transport <strong>respectueux de l&rsquo;environnement<\/strong>. Ainsi, nous avons acquis en 2022 des camions \ud83d\ude9b qui roulent exclusivement au <strong>Gaz Naturel Comprim\u00e9<\/strong> (<strong><a href=\"https:\/\/fr.wikipedia.org\/wiki\/Gaz_naturel_comprim%C3%A9\" target=\"_blank\" rel=\"noopener\">GNC<\/a><\/strong>), une source d&rsquo;\u00e9nergie renouvelable \u267b\ufe0f qui contribue significativement \u00e0 la diminution \u2198\ufe0f de notre empreinte carbone.<\/p>\n<p>En 2023, nos v\u00e9hicules ont \u00e9conomis\u00e9s <strong>132 tonnes de CO2<\/strong>, contribuant ainsi \u00e0 la pr\u00e9servation de la qualit\u00e9 de l&rsquo;air et \u00e0 la lutte contre le changement climatique !<\/p>\n<p>#transportroutier #\u00e9coresponsable #environnement #charteco2 #transition\u00e9nerg\u00e9tique #\u00e9nergierenouvelable #gnc #gaznaturelcomprime<\/p>\n","protected":false},"excerpt":{"rendered":"<p>\ud83c\udf0d Le Groupe Cou\u00e9 TRM est engag\u00e9 depuis plusieurs ann\u00e9es en faveur du d\u00e9veloppement durable en adoptant une approche \u00e9coresponsable \ud83c\udf31 dans tous les aspects de ses activit\u00e9s. Un des piliers de notre engagement environnemental est la transition vers des moyens de transport respectueux de l&rsquo;environnement. Ainsi, nous avons acquis en 2022 des camions \ud83d\ude9b [&hellip;]<\/p>\n","protected":false},"author":2,"featured_media":9859,"comment_status":"closed","ping_status":"open","sticky":false,"template":"","format":"standard","meta":{"om_disable_all_campaigns":false,"_monsterinsights_skip_tracking":false,"_monsterinsights_sitenote_active":false,"_monsterinsights_sitenote_note":"","_monsterinsights_sitenote_category":0,"footnotes":""},"categories":[4,5,23,33],"tags":[],"class_list":["post-9857","post","type-post","status-publish","format-standard","has-post-thumbnail","hentry","category-actualites","category-developpement","category-developpement-overseas","category-developpement-transport-containers"],"aioseo_notices":[],"_links":{"self":[{"href":"https:\/\/www.transports-coue.fr\/fr\/wp-json\/wp\/v2\/posts\/9857","targetHints":{"allow":["GET"]}}],"collection":[{"href":"https:\/\/www.transports-coue.fr\/fr\/wp-json\/wp\/v2\/posts"}],"about":[{"href":"https:\/\/www.transports-coue.fr\/fr\/wp-json\/wp\/v2\/types\/post"}],"author":[{"embeddable":true,"href":"https:\/\/www.transports-coue.fr\/fr\/wp-json\/wp\/v2\/users\/2"}],"replies":[{"embeddable":true,"href":"https:\/\/www.transports-coue.fr\/fr\/wp-json\/wp\/v2\/comments?post=9857"}],"version-history":[{"count":2,"href":"https:\/\/www.transports-coue.fr\/fr\/wp-json\/wp\/v2\/posts\/9857\/revisions"}],"predecessor-version":[{"id":9861,"href":"https:\/\/www.transports-coue.fr\/fr\/wp-json\/wp\/v2\/posts\/9857\/revisions\/9861"}],"wp:featuredmedia":[{"embeddable":true,"href":"https:\/\/www.transports-coue.fr\/fr\/wp-json\/wp\/v2\/media\/9859"}],"wp:attachment":[{"href":"https:\/\/www.transports-coue.fr\/fr\/wp-json\/wp\/v2\/media?parent=9857"}],"wp:term":[{"taxonomy":"category","embeddable":true,"href":"https:\/\/www.transports-coue.fr\/fr\/wp-json\/wp\/v2\/categories?post=9857"},{"taxonomy":"post_tag","embeddable":true,"href":"https:\/\/www.transports-coue.fr\/fr\/wp-json\/wp\/v2\/tags?post=9857"}],"curies":[{"name":"wp","href":"https:\/\/api.w.org\/{rel}","templated":true}]}}