{"id":9607,"date":"2023-11-17T10:51:22","date_gmt":"2023-11-17T09:51:22","guid":{"rendered":"https:\/\/www.transports-coue.fr\/?p=9607"},"modified":"2023-11-22T10:45:48","modified_gmt":"2023-11-22T09:45:48","slug":"nos-retours-dexperience-sur-la-gestion-du-stockage-des-matieres-dangereuses","status":"publish","type":"post","link":"https:\/\/www.transports-coue.fr\/fr\/nos-retours-dexperience-sur-la-gestion-du-stockage-des-matieres-dangereuses\/","title":{"rendered":"Nos retours d&rsquo;exp\u00e9rience sur la gestion du stockage des Mati\u00e8res Dangereuses"},"content":{"rendered":"<p data-pm-slice=\"1 1 []\">\ud83d\udcf8 <a href=\"https:\/\/salon-jmd.fr\/\" target=\"_blank\" rel=\"noopener\">Table ronde sur le cycle de vie de la mati\u00e8re dangereuse ce mardi 7 nov \u00e0 Lyon.<\/a><\/p>\n<p>L&rsquo;occasion pour notre Ing\u00e9nieure Commerciale sp\u00e9cialis\u00e9e dans ce domaine de partager avec d&rsquo;autres professionnels de la chimie \ud835\uddfb\ud835\uddfc\ud835\ude01\ud835\uddff\ud835\uddf2 \ud835\uddff\ud835\uddf2\ud835\ude01\ud835\uddfc\ud835\ude02\ud835\uddff \ud835\uddf1&rsquo;\ud835\uddf2\ud835\ude05\ud835\uddfd\ud835\uddf2\u0301\ud835\uddff\ud835\uddf6\ud835\uddf2\ud835\uddfb\ud835\uddf0\ud835\uddf2 \ud835\uddf2\ud835\ude01 \ud835\uddfb\ud835\uddfc\ud835\ude00 \ud835\uddfd\ud835\uddff\ud835\uddfc\ud835\uddef\ud835\uddf9\ud835\uddf2\u0301\ud835\uddfa\ud835\uddee\ud835\ude01\ud835\uddf6\ud835\uddfe\ud835\ude02\ud835\uddf2\ud835\ude00 au quotidien en tant que \ud835\uddf9\ud835\uddfc\ud835\uddf4\ud835\uddf6\ud835\ude00\ud835\ude01\ud835\uddf6\ud835\uddf0\ud835\uddf6\ud835\uddf2\ud835\uddfb &amp; \ud835\ude01\ud835\uddff\ud835\uddee\ud835\uddfb\ud835\ude00\ud835\uddfd\ud835\uddfc\ud835\uddff\ud835\ude01\ud835\uddf2\ud835\ude02\ud835\uddff.<\/p>\n<p>Merci Annabelle pour cette intervention et cet \u00e9clairage sur les bonnes pratiques tout au long d&rsquo;une Supply Chain, un enjeu majeur pour la protection des biens, des personnes et de l\u2019environnement \ud83c\udf31 !<\/p>\n<p>Information sur notre expertise stockage mati\u00e8res dangereuses :<br \/>\n<a href=\"https:\/\/www.transports-coue.fr\/fr\/logistique\/generale\/\" target=\"_blank\" rel=\"noopener\">https:\/\/www.transports-coue.fr\/fr\/logistique\/generale\/<\/a><\/p>\n<p>#salonjmd #journ\u00e9esdelamati\u00e8redangereuse #tableronde #experts<\/p>\n","protected":false},"excerpt":{"rendered":"<p>\ud83d\udcf8 Table ronde sur le cycle de vie de la mati\u00e8re dangereuse ce mardi 7 nov \u00e0 Lyon. L&rsquo;occasion pour notre Ing\u00e9nieure Commerciale sp\u00e9cialis\u00e9e dans ce domaine de partager avec d&rsquo;autres professionnels de la chimie \ud835\uddfb\ud835\uddfc\ud835\ude01\ud835\uddff\ud835\uddf2 \ud835\uddff\ud835\uddf2\ud835\ude01\ud835\uddfc\ud835\ude02\ud835\uddff \ud835\uddf1&rsquo;\ud835\uddf2\ud835\ude05\ud835\uddfd\ud835\uddf2\u0301\ud835\uddff\ud835\uddf6\ud835\uddf2\ud835\uddfb\ud835\uddf0\ud835\uddf2 \ud835\uddf2\ud835\ude01 \ud835\uddfb\ud835\uddfc\ud835\ude00 \ud835\uddfd\ud835\uddff\ud835\uddfc\ud835\uddef\ud835\uddf9\ud835\uddf2\u0301\ud835\uddfa\ud835\uddee\ud835\ude01\ud835\uddf6\ud835\uddfe\ud835\ude02\ud835\uddf2\ud835\ude00 au quotidien en tant que \ud835\uddf9\ud835\uddfc\ud835\uddf4\ud835\uddf6\ud835\ude00\ud835\ude01\ud835\uddf6\ud835\uddf0\ud835\uddf6\ud835\uddf2\ud835\uddfb &amp; \ud835\ude01\ud835\uddff\ud835\uddee\ud835\uddfb\ud835\ude00\ud835\uddfd\ud835\uddfc\ud835\uddff\ud835\ude01\ud835\uddf2\ud835\ude02\ud835\uddff. Merci Annabelle pour cette intervention et [&hellip;]<\/p>\n","protected":false},"author":2,"featured_media":9608,"comment_status":"closed","ping_status":"open","sticky":false,"template":"","format":"standard","meta":{"om_disable_all_campaigns":false,"_monsterinsights_skip_tracking":false,"_monsterinsights_sitenote_active":false,"_monsterinsights_sitenote_note":"","_monsterinsights_sitenote_category":0,"footnotes":""},"categories":[4,5,17,23],"tags":[],"class_list":["post-9607","post","type-post","status-publish","format-standard","has-post-thumbnail","hentry","category-actualites","category-developpement","category-developpement-logistique","category-developpement-overseas"],"aioseo_notices":[],"_links":{"self":[{"href":"https:\/\/www.transports-coue.fr\/fr\/wp-json\/wp\/v2\/posts\/9607","targetHints":{"allow":["GET"]}}],"collection":[{"href":"https:\/\/www.transports-coue.fr\/fr\/wp-json\/wp\/v2\/posts"}],"about":[{"href":"https:\/\/www.transports-coue.fr\/fr\/wp-json\/wp\/v2\/types\/post"}],"author":[{"embeddable":true,"href":"https:\/\/www.transports-coue.fr\/fr\/wp-json\/wp\/v2\/users\/2"}],"replies":[{"embeddable":true,"href":"https:\/\/www.transports-coue.fr\/fr\/wp-json\/wp\/v2\/comments?post=9607"}],"version-history":[{"count":3,"href":"https:\/\/www.transports-coue.fr\/fr\/wp-json\/wp\/v2\/posts\/9607\/revisions"}],"predecessor-version":[{"id":9630,"href":"https:\/\/www.transports-coue.fr\/fr\/wp-json\/wp\/v2\/posts\/9607\/revisions\/9630"}],"wp:featuredmedia":[{"embeddable":true,"href":"https:\/\/www.transports-coue.fr\/fr\/wp-json\/wp\/v2\/media\/9608"}],"wp:attachment":[{"href":"https:\/\/www.transports-coue.fr\/fr\/wp-json\/wp\/v2\/media?parent=9607"}],"wp:term":[{"taxonomy":"category","embeddable":true,"href":"https:\/\/www.transports-coue.fr\/fr\/wp-json\/wp\/v2\/categories?post=9607"},{"taxonomy":"post_tag","embeddable":true,"href":"https:\/\/www.transports-coue.fr\/fr\/wp-json\/wp\/v2\/tags?post=9607"}],"curies":[{"name":"wp","href":"https:\/\/api.w.org\/{rel}","templated":true}]}}