{"id":9118,"date":"2023-09-13T18:53:40","date_gmt":"2023-09-13T16:53:40","guid":{"rendered":"https:\/\/www.transports-coue.fr\/?p=9118"},"modified":"2023-09-13T18:53:41","modified_gmt":"2023-09-13T16:53:41","slug":"glenn-conducteur-transports-coue-au-24h-velo-du-mans-72","status":"publish","type":"post","link":"https:\/\/www.transports-coue.fr\/fr\/glenn-conducteur-transports-coue-au-24h-velo-du-mans-72\/","title":{"rendered":"Glenn, conducteur Transports Cou\u00e9, au 24h V\u00e9lo du Mans (72) !"},"content":{"rendered":"<p>\ud83d\udc4f Glenn, conducteur r\u00e9gional, a fi\u00e8rement repr\u00e9sent\u00e9 nos couleurs au <a href=\"https:\/\/www.24heuresvelo.fr\/\" target=\"_blank\" rel=\"noopener\">24 Heures V\u00e9lo &#8211; Le Mans<\/a> les 26 et 27 ao\u00fbt !<\/p>\n<p>\ud83d\udeb4\u200d\u2642\ufe0f 639 \u00e9quipes, 3012 participants, parti en individuel il est arriv\u00e9 604i\u00e8me avec 455 kms parcourus ! Une vraie performance \ud83e\udd47 !<\/p>\n<p>\ud83d\udcaaBravo, fiers de nos salari\u00e9s !<\/p>\n<p>A d\u00e9couvrir, les exploits de nos collaborateurs :<br \/>\n<a href=\"https:\/\/www.transports-coue.fr\/fr\/belle-performance-de-notre-equipe-aux-ofnijec-2023\/\" target=\"_blank\" rel=\"noopener\">https:\/\/www.transports-coue.fr\/fr\/belle-performance-de-notre-equipe-aux-ofnijec-2023\/<\/a><br \/>\n<a href=\"https:\/\/www.transports-coue.fr\/fr\/les-equipes-coue-trm-aux-ofnijec-2022\/\" target=\"_blank\" rel=\"noopener\">https:\/\/www.transports-coue.fr\/fr\/les-equipes-coue-trm-aux-ofnijec-2022\/<\/a><br \/>\n<a href=\"https:\/\/www.transports-coue.fr\/fr\/glenn-aux-6h-de-vtt-de-lernee-53-ce-1er-mai-2022\/\" target=\"_blank\" rel=\"noopener\">https:\/\/www.transports-coue.fr\/fr\/glenn-aux-6h-de-vtt-de-lernee-53-ce-1er-mai-2022\/<\/a><br \/>\n<a href=\"https:\/\/www.transports-coue.fr\/fr\/frederic-a-realise-la-diagonale-des-fous\/\" target=\"_blank\" rel=\"noopener\">https:\/\/www.transports-coue.fr\/fr\/frederic-a-realise-la-diagonale-des-fous\/<\/a><\/p>\n<p><a href=\"https:\/\/www.linkedin.com\/feed\/hashtag\/?keywords=24heuresvelo&amp;highlightedUpdateUrns=urn%3Ali%3Aactivity%3A7105218201902350336\" data-attribute-index=\"0\">#24heuresvelo<\/a>\u00a0<a href=\"https:\/\/www.linkedin.com\/feed\/hashtag\/?keywords=lemans&amp;highlightedUpdateUrns=urn%3Ali%3Aactivity%3A7105218201902350336\" data-attribute-index=\"1\">#LeMans<\/a>\u00a0<a href=\"https:\/\/www.linkedin.com\/feed\/hashtag\/?keywords=transportroutier&amp;highlightedUpdateUrns=urn%3Ali%3Aactivity%3A7105218201902350336\" data-attribute-index=\"2\">#TransportRoutier<\/a>\u00a0<a href=\"https:\/\/www.linkedin.com\/feed\/hashtag\/?keywords=v%C3%A9lo&amp;highlightedUpdateUrns=urn%3Ali%3Aactivity%3A7105218201902350336\" data-attribute-index=\"3\">#V\u00e9lo<\/a>\u00a0<a href=\"https:\/\/www.linkedin.com\/feed\/hashtag\/?keywords=sarthe&amp;highlightedUpdateUrns=urn%3Ali%3Aactivity%3A7105218201902350336\" data-attribute-index=\"4\">#Sarthe<\/a><\/p>\n","protected":false},"excerpt":{"rendered":"<p>\ud83d\udc4f Glenn, conducteur r\u00e9gional, a fi\u00e8rement repr\u00e9sent\u00e9 nos couleurs au 24 Heures V\u00e9lo &#8211; Le Mans les 26 et 27 ao\u00fbt ! \ud83d\udeb4\u200d\u2642\ufe0f 639 \u00e9quipes, 3012 participants, parti en individuel il est arriv\u00e9 604i\u00e8me avec 455 kms parcourus ! Une vraie performance \ud83e\udd47 ! \ud83d\udcaaBravo, fiers de nos salari\u00e9s ! A d\u00e9couvrir, les exploits de [&hellip;]<\/p>\n","protected":false},"author":2,"featured_media":9119,"comment_status":"closed","ping_status":"open","sticky":false,"template":"","format":"standard","meta":{"om_disable_all_campaigns":false,"_monsterinsights_skip_tracking":false,"_monsterinsights_sitenote_active":false,"_monsterinsights_sitenote_note":"","_monsterinsights_sitenote_category":0,"footnotes":""},"categories":[4,1],"tags":[],"class_list":["post-9118","post","type-post","status-publish","format-standard","has-post-thumbnail","hentry","category-actualites","category-partenariats"],"aioseo_notices":[],"_links":{"self":[{"href":"https:\/\/www.transports-coue.fr\/fr\/wp-json\/wp\/v2\/posts\/9118","targetHints":{"allow":["GET"]}}],"collection":[{"href":"https:\/\/www.transports-coue.fr\/fr\/wp-json\/wp\/v2\/posts"}],"about":[{"href":"https:\/\/www.transports-coue.fr\/fr\/wp-json\/wp\/v2\/types\/post"}],"author":[{"embeddable":true,"href":"https:\/\/www.transports-coue.fr\/fr\/wp-json\/wp\/v2\/users\/2"}],"replies":[{"embeddable":true,"href":"https:\/\/www.transports-coue.fr\/fr\/wp-json\/wp\/v2\/comments?post=9118"}],"version-history":[{"count":1,"href":"https:\/\/www.transports-coue.fr\/fr\/wp-json\/wp\/v2\/posts\/9118\/revisions"}],"predecessor-version":[{"id":9121,"href":"https:\/\/www.transports-coue.fr\/fr\/wp-json\/wp\/v2\/posts\/9118\/revisions\/9121"}],"wp:featuredmedia":[{"embeddable":true,"href":"https:\/\/www.transports-coue.fr\/fr\/wp-json\/wp\/v2\/media\/9119"}],"wp:attachment":[{"href":"https:\/\/www.transports-coue.fr\/fr\/wp-json\/wp\/v2\/media?parent=9118"}],"wp:term":[{"taxonomy":"category","embeddable":true,"href":"https:\/\/www.transports-coue.fr\/fr\/wp-json\/wp\/v2\/categories?post=9118"},{"taxonomy":"post_tag","embeddable":true,"href":"https:\/\/www.transports-coue.fr\/fr\/wp-json\/wp\/v2\/tags?post=9118"}],"curies":[{"name":"wp","href":"https:\/\/api.w.org\/{rel}","templated":true}]}}