{"id":8187,"date":"2023-01-20T16:06:43","date_gmt":"2023-01-20T15:06:43","guid":{"rendered":"https:\/\/www.transports-coue.fr\/?p=8187"},"modified":"2023-01-20T16:16:37","modified_gmt":"2023-01-20T15:16:37","slug":"soiree-de-toutes-les-equipes-coue-trm-elm-tcm-et-sotecan-international","status":"publish","type":"post","link":"https:\/\/www.transports-coue.fr\/fr\/soiree-de-toutes-les-equipes-coue-trm-elm-tcm-et-sotecan-international\/","title":{"rendered":"Soir\u00e9e de toutes les \u00e9quipes Cou\u00e9, TRM, ELM, TCM et Sotecan International"},"content":{"rendered":"<p>\u2728 Ce 14 janvier, toutes les \u00e9quipes des Transports Cou\u00e9, <a href=\"https:\/\/www.transports-coue.fr\/fr\/transport\/grand-volume\/\" target=\"_blank\" rel=\"noopener\">TRM<\/a>, et ses entit\u00e9s, <a href=\"https:\/\/www.transports-coue.fr\/fr\/transport\/container\/\" target=\"_blank\" rel=\"noopener\">TCM<\/a>, <a href=\"https:\/\/www.transports-coue.fr\/fr\/logistique\/generale\/\" target=\"_blank\" rel=\"noopener\">ELM<\/a> et <a href=\"https:\/\/www.transports-coue.fr\/fr\/transport\/overseas\/\" target=\"_blank\" rel=\"noopener\">Sotecan International<\/a> se sont retrouv\u00e9es au <a href=\"https:\/\/lepavillondelevidence.com\/\" target=\"_blank\" rel=\"noopener\">Pavillon de l&rsquo;Evidence<\/a> \u00e0 Vaiges 53 !<\/p>\n<p>Anim\u00e9 par l&rsquo;excellent <a href=\"https:\/\/www.groupe-generation.com\/\" target=\"_blank\" rel=\"noopener\">groupe G\u00e9n\u00e9ration<\/a> \ud83e\uddd1\u200d\ud83c\udfa4, la soir\u00e9e fut un superbe moment de partage, d&rsquo;\u00e9change et de convivialit\u00e9 !<\/p>\n<p>Un grand merci \ud83d\udc4f \u00e0 tous pour votre belle \u00e9nergie !<\/p>\n<p><img loading=\"lazy\" decoding=\"async\" class=\"alignnone wp-image-8191 size-full\" src=\"https:\/\/www.transports-coue.fr\/wp-content\/uploads\/2023\/01\/groupe-coue-trm-soiree-equipes-pavillon-evidence-n1.jpg\" alt=\"\" width=\"1008\" height=\"756\" srcset=\"https:\/\/www.transports-coue.fr\/wp-content\/uploads\/2023\/01\/groupe-coue-trm-soiree-equipes-pavillon-evidence-n1.jpg 1008w, https:\/\/www.transports-coue.fr\/wp-content\/uploads\/2023\/01\/groupe-coue-trm-soiree-equipes-pavillon-evidence-n1-300x225.jpg 300w, https:\/\/www.transports-coue.fr\/wp-content\/uploads\/2023\/01\/groupe-coue-trm-soiree-equipes-pavillon-evidence-n1-80x60.jpg 80w, https:\/\/www.transports-coue.fr\/wp-content\/uploads\/2023\/01\/groupe-coue-trm-soiree-equipes-pavillon-evidence-n1-768x576.jpg 768w, https:\/\/www.transports-coue.fr\/wp-content\/uploads\/2023\/01\/groupe-coue-trm-soiree-equipes-pavillon-evidence-n1-705x529.jpg 705w\" sizes=\"auto, (max-width: 1008px) 100vw, 1008px\" \/><\/p>\n<p><img loading=\"lazy\" decoding=\"async\" class=\"alignnone wp-image-8194 size-full\" src=\"https:\/\/www.transports-coue.fr\/wp-content\/uploads\/2023\/01\/groupe-coue-trm-soiree-equipes-pavillon-evidence-n2.jpg\" alt=\"\" width=\"1008\" height=\"756\" srcset=\"https:\/\/www.transports-coue.fr\/wp-content\/uploads\/2023\/01\/groupe-coue-trm-soiree-equipes-pavillon-evidence-n2.jpg 1008w, https:\/\/www.transports-coue.fr\/wp-content\/uploads\/2023\/01\/groupe-coue-trm-soiree-equipes-pavillon-evidence-n2-300x225.jpg 300w, https:\/\/www.transports-coue.fr\/wp-content\/uploads\/2023\/01\/groupe-coue-trm-soiree-equipes-pavillon-evidence-n2-80x60.jpg 80w, https:\/\/www.transports-coue.fr\/wp-content\/uploads\/2023\/01\/groupe-coue-trm-soiree-equipes-pavillon-evidence-n2-768x576.jpg 768w, https:\/\/www.transports-coue.fr\/wp-content\/uploads\/2023\/01\/groupe-coue-trm-soiree-equipes-pavillon-evidence-n2-705x529.jpg 705w\" sizes=\"auto, (max-width: 1008px) 100vw, 1008px\" \/><\/p>\n<p><img loading=\"lazy\" decoding=\"async\" class=\"alignnone wp-image-8196 size-full\" src=\"https:\/\/www.transports-coue.fr\/wp-content\/uploads\/2023\/01\/groupe-coue-trm-soiree-equipes-pavillon-evidence-n3.jpg\" alt=\"\" width=\"1008\" height=\"756\" srcset=\"https:\/\/www.transports-coue.fr\/wp-content\/uploads\/2023\/01\/groupe-coue-trm-soiree-equipes-pavillon-evidence-n3.jpg 1008w, https:\/\/www.transports-coue.fr\/wp-content\/uploads\/2023\/01\/groupe-coue-trm-soiree-equipes-pavillon-evidence-n3-300x225.jpg 300w, https:\/\/www.transports-coue.fr\/wp-content\/uploads\/2023\/01\/groupe-coue-trm-soiree-equipes-pavillon-evidence-n3-80x60.jpg 80w, https:\/\/www.transports-coue.fr\/wp-content\/uploads\/2023\/01\/groupe-coue-trm-soiree-equipes-pavillon-evidence-n3-768x576.jpg 768w, https:\/\/www.transports-coue.fr\/wp-content\/uploads\/2023\/01\/groupe-coue-trm-soiree-equipes-pavillon-evidence-n3-705x529.jpg 705w\" sizes=\"auto, (max-width: 1008px) 100vw, 1008px\" \/><\/p>\n<p>#Soir\u00e9eEntreprise #Coh\u00e9sion #TransportRoutier #Logistique #Overseas<\/p>\n","protected":false},"excerpt":{"rendered":"<p>\u2728 Ce 14 janvier, toutes les \u00e9quipes des Transports Cou\u00e9, TRM, et ses entit\u00e9s, TCM, ELM et Sotecan International se sont retrouv\u00e9es au Pavillon de l&rsquo;Evidence \u00e0 Vaiges 53 ! Anim\u00e9 par l&rsquo;excellent groupe G\u00e9n\u00e9ration \ud83e\uddd1\u200d\ud83c\udfa4, la soir\u00e9e fut un superbe moment de partage, d&rsquo;\u00e9change et de convivialit\u00e9 ! Un grand merci \ud83d\udc4f \u00e0 tous [&hellip;]<\/p>\n","protected":false},"author":2,"featured_media":8188,"comment_status":"closed","ping_status":"open","sticky":false,"template":"","format":"standard","meta":{"om_disable_all_campaigns":false,"_monsterinsights_skip_tracking":false,"_monsterinsights_sitenote_active":false,"_monsterinsights_sitenote_note":"","_monsterinsights_sitenote_category":0,"footnotes":""},"categories":[4,6],"tags":[],"class_list":["post-8187","post","type-post","status-publish","format-standard","has-post-thumbnail","hentry","category-actualites","category-evenements"],"aioseo_notices":[],"_links":{"self":[{"href":"https:\/\/www.transports-coue.fr\/fr\/wp-json\/wp\/v2\/posts\/8187","targetHints":{"allow":["GET"]}}],"collection":[{"href":"https:\/\/www.transports-coue.fr\/fr\/wp-json\/wp\/v2\/posts"}],"about":[{"href":"https:\/\/www.transports-coue.fr\/fr\/wp-json\/wp\/v2\/types\/post"}],"author":[{"embeddable":true,"href":"https:\/\/www.transports-coue.fr\/fr\/wp-json\/wp\/v2\/users\/2"}],"replies":[{"embeddable":true,"href":"https:\/\/www.transports-coue.fr\/fr\/wp-json\/wp\/v2\/comments?post=8187"}],"version-history":[{"count":5,"href":"https:\/\/www.transports-coue.fr\/fr\/wp-json\/wp\/v2\/posts\/8187\/revisions"}],"predecessor-version":[{"id":8216,"href":"https:\/\/www.transports-coue.fr\/fr\/wp-json\/wp\/v2\/posts\/8187\/revisions\/8216"}],"wp:featuredmedia":[{"embeddable":true,"href":"https:\/\/www.transports-coue.fr\/fr\/wp-json\/wp\/v2\/media\/8188"}],"wp:attachment":[{"href":"https:\/\/www.transports-coue.fr\/fr\/wp-json\/wp\/v2\/media?parent=8187"}],"wp:term":[{"taxonomy":"category","embeddable":true,"href":"https:\/\/www.transports-coue.fr\/fr\/wp-json\/wp\/v2\/categories?post=8187"},{"taxonomy":"post_tag","embeddable":true,"href":"https:\/\/www.transports-coue.fr\/fr\/wp-json\/wp\/v2\/tags?post=8187"}],"curies":[{"name":"wp","href":"https:\/\/api.w.org\/{rel}","templated":true}]}}