{"id":8027,"date":"2022-09-30T11:41:31","date_gmt":"2022-09-30T09:41:31","guid":{"rendered":"https:\/\/www.transports-coue.fr\/?p=8027"},"modified":"2022-09-30T11:42:23","modified_gmt":"2022-09-30T09:42:23","slug":"retrouvez-nous-au-top-transport-europe-2022","status":"publish","type":"post","link":"https:\/\/www.transports-coue.fr\/fr\/retrouvez-nous-au-top-transport-europe-2022\/","title":{"rendered":"Retrouvez-nous au Top Transport Europe 2022"},"content":{"rendered":"<p>\ud83d\udce2 Retrouvez Herv\u00e9 Alix et Fran\u00e7ois Cou\u00e9 les \ud835\udfed\ud835\udfee &amp; \ud835\udfed\ud835\udfef \ud835\uddfc\ud835\uddf0\ud835\ude01\ud835\uddfc\ud835\uddef\ud835\uddff\ud835\uddf2 aux RDV d&rsquo;Affaires Top Transport Europe<br \/>\n\ud83d\udccd \u00e0 Marseille au Palais du Pharo sur le stand de notre partenaire OTMS !<\/p>\n<p>Ce sera un plaisir de vous rencontrer, d&rsquo;\u00e9changer sur vos projets \ud835\udde7\ud835\uddff\ud835\uddee\ud835\uddfb\ud835\ude00\ud835\uddfd\ud835\uddfc\ud835\uddff\ud835\ude01 &amp; \ud835\udddf\ud835\uddfc\ud835\uddf4\ud835\uddf6\ud835\ude00\ud835\ude01\ud835\uddf6\ud835\uddfe\ud835\ude02\ud835\uddf2 et de vous apporter notre expertise et nos solutions \u00e0 vos probl\u00e9matiques.<\/p>\n<p>En savoir \u2795 sur le concept \ud835\uddf2\ud835\uddf3\ud835\uddf3\ud835\uddf6\ud835\uddf0\ud835\uddee\ud835\uddf0\ud835\uddf2 du salon Top Transport Europe qui f\u00eate ses 30 ans \u2728 cette ann\u00e9e \ud83d\udc47<br \/>\n<a href=\"https:\/\/www.toptransporteurope.com\/fr\" target=\"_blank\" rel=\"noopener\">https:\/\/www.toptransporteurope.com\/fr<\/a><\/p>\n<p>#tte22 #toptransporteurope #transportroutier #logistique #supplychain #businessmeeting<\/p>\n","protected":false},"excerpt":{"rendered":"<p>\ud83d\udce2 Retrouvez Herv\u00e9 Alix et Fran\u00e7ois Cou\u00e9 les \ud835\udfed\ud835\udfee &amp; \ud835\udfed\ud835\udfef \ud835\uddfc\ud835\uddf0\ud835\ude01\ud835\uddfc\ud835\uddef\ud835\uddff\ud835\uddf2 aux RDV d&rsquo;Affaires Top Transport Europe \ud83d\udccd \u00e0 Marseille au Palais du Pharo sur le stand de notre partenaire OTMS ! Ce sera un plaisir de vous rencontrer, d&rsquo;\u00e9changer sur vos projets \ud835\udde7\ud835\uddff\ud835\uddee\ud835\uddfb\ud835\ude00\ud835\uddfd\ud835\uddfc\ud835\uddff\ud835\ude01 &amp; \ud835\udddf\ud835\uddfc\ud835\uddf4\ud835\uddf6\ud835\ude00\ud835\ude01\ud835\uddf6\ud835\uddfe\ud835\ude02\ud835\uddf2 et de vous apporter notre expertise et nos [&hellip;]<\/p>\n","protected":false},"author":2,"featured_media":8028,"comment_status":"closed","ping_status":"open","sticky":false,"template":"","format":"standard","meta":{"om_disable_all_campaigns":false,"_monsterinsights_skip_tracking":false,"_monsterinsights_sitenote_active":false,"_monsterinsights_sitenote_note":"","_monsterinsights_sitenote_category":0,"footnotes":""},"categories":[4,1],"tags":[],"class_list":["post-8027","post","type-post","status-publish","format-standard","has-post-thumbnail","hentry","category-actualites","category-partenariats"],"aioseo_notices":[],"_links":{"self":[{"href":"https:\/\/www.transports-coue.fr\/fr\/wp-json\/wp\/v2\/posts\/8027","targetHints":{"allow":["GET"]}}],"collection":[{"href":"https:\/\/www.transports-coue.fr\/fr\/wp-json\/wp\/v2\/posts"}],"about":[{"href":"https:\/\/www.transports-coue.fr\/fr\/wp-json\/wp\/v2\/types\/post"}],"author":[{"embeddable":true,"href":"https:\/\/www.transports-coue.fr\/fr\/wp-json\/wp\/v2\/users\/2"}],"replies":[{"embeddable":true,"href":"https:\/\/www.transports-coue.fr\/fr\/wp-json\/wp\/v2\/comments?post=8027"}],"version-history":[{"count":1,"href":"https:\/\/www.transports-coue.fr\/fr\/wp-json\/wp\/v2\/posts\/8027\/revisions"}],"predecessor-version":[{"id":8030,"href":"https:\/\/www.transports-coue.fr\/fr\/wp-json\/wp\/v2\/posts\/8027\/revisions\/8030"}],"wp:featuredmedia":[{"embeddable":true,"href":"https:\/\/www.transports-coue.fr\/fr\/wp-json\/wp\/v2\/media\/8028"}],"wp:attachment":[{"href":"https:\/\/www.transports-coue.fr\/fr\/wp-json\/wp\/v2\/media?parent=8027"}],"wp:term":[{"taxonomy":"category","embeddable":true,"href":"https:\/\/www.transports-coue.fr\/fr\/wp-json\/wp\/v2\/categories?post=8027"},{"taxonomy":"post_tag","embeddable":true,"href":"https:\/\/www.transports-coue.fr\/fr\/wp-json\/wp\/v2\/tags?post=8027"}],"curies":[{"name":"wp","href":"https:\/\/api.w.org\/{rel}","templated":true}]}}