{"id":7732,"date":"2022-05-30T16:36:53","date_gmt":"2022-05-30T14:36:53","guid":{"rendered":"https:\/\/www.transports-coue.fr\/?p=7732"},"modified":"2022-06-13T22:40:24","modified_gmt":"2022-06-13T20:40:24","slug":"participation-a-top-logistics-europe-les-15-et-16-juin-2022-a-lille","status":"publish","type":"post","link":"https:\/\/www.transports-coue.fr\/fr\/participation-a-top-logistics-europe-les-15-et-16-juin-2022-a-lille\/","title":{"rendered":"Participation \u00e0 Top Logistics Europe les 15 et 16 juin 2022 \u00e0 Lille"},"content":{"rendered":"<p dir=\"auto\">Face au succ\u00e8s des RDV d&rsquo;affaires d\u00e9di\u00e9s aux projets Transport, au <a href=\"https:\/\/www.toptransporteurope.com\/\" target=\"_blank\" rel=\"noopener\">\ud835\udde7\ud835\uddfc\ud835\uddfd \ud835\udde7\ud835\uddff\ud835\uddee\ud835\uddfb\ud835\ude00\ud835\uddfd\ud835\uddfc\ud835\uddff\ud835\ude01 \ud835\uddd8\ud835\ude02\ud835\uddff\ud835\uddfc\ud835\uddfd\ud835\uddf2<\/a>, le concept est dupliqu\u00e9 pour aborder ensemble vos \ud835\udde3\ud835\udde5\ud835\udde2\ud835\udddd\ud835\uddd8\ud835\udde7\ud835\udde6 \ud835\udddf\ud835\udde2\ud835\uddda\ud835\udddc\ud835\udde6\ud835\udde7\ud835\udddc\ud835\udde4\ud835\udde8\ud835\uddd8\ud835\udde6 au <a href=\"https:\/\/www.toplogisticseurope.com\/\" target=\"_blank\" rel=\"noopener\">\ud835\udde7\ud835\uddfc\ud835\uddfd \ud835\udddf\ud835\uddfc\ud835\uddf4\ud835\uddf6\ud835\ude00\ud835\ude01\ud835\uddf6\ud835\uddf0\ud835\ude00 \ud835\uddd8\ud835\ude02\ud835\uddff\ud835\uddfc\ud835\uddfd\ud835\uddf2<\/a> : stockage 3PL, plateforme Cross Dock, &#8230;<\/p>\n<p dir=\"auto\">Inscrivez-vous sur le site Top Logistics :<br \/>\n\ud83d\udcf2&nbsp;<span class=\"loader-wrapper\"><a class=\"css-180f5r3\" tabindex=\"0\" role=\"button\" href=\"https:\/\/top-logistics.vimeet.events\/fr\/register\/1052\" data-testid=\"inline-card-resolved-view\"><span class=\"css-1awfwlv\"><span class=\"css-1n3444m\"><img decoding=\"async\" class=\"smart-link-icon css-qq5phv\" src=\"https:\/\/top-logistics.vimeet.events\/favicon-16x16.png\" data-testid=\"inline-card-icon-and-title-image\"><\/span><span class=\"smart-link-title-wrapper css-0\">Top Logistics Europe 2022<\/span><\/span><\/a><\/span><\/p>\n<p dir=\"auto\">&amp;<br \/>\n\u27a1\ufe0f Retrouvons-nous les \ud835\udfed\ud835\udff1 &amp; \ud835\udfed\ud835\udff2 \ud835\uddf7\ud835\ude02\ud835\uddf6\ud835\uddfb \ud835\udfee\ud835\udfec\ud835\udfee\ud835\udfee sur le stand de notre partenaire <a href=\"http:\/\/www.otms.fr\/\" target=\"_blank\" rel=\"noopener\">OTMS<\/a> au Grand Palais \u00e0 \ud835\udc0b\ud835\udc08\ud835\udc0b\ud835\udc0b\ud835\udc04.<\/p>\n<p>#TopLogisticsEurope #Logistique #Logistics #Stockage #TransportRoutier #Lille<\/p>\n","protected":false},"excerpt":{"rendered":"<p>Face au succ\u00e8s des RDV d&rsquo;affaires d\u00e9di\u00e9s aux projets Transport, au \ud835\udde7\ud835\uddfc\ud835\uddfd \ud835\udde7\ud835\uddff\ud835\uddee\ud835\uddfb\ud835\ude00\ud835\uddfd\ud835\uddfc\ud835\uddff\ud835\ude01 \ud835\uddd8\ud835\ude02\ud835\uddff\ud835\uddfc\ud835\uddfd\ud835\uddf2, le concept est dupliqu\u00e9 pour aborder ensemble vos \ud835\udde3\ud835\udde5\ud835\udde2\ud835\udddd\ud835\uddd8\ud835\udde7\ud835\udde6 \ud835\udddf\ud835\udde2\ud835\uddda\ud835\udddc\ud835\udde6\ud835\udde7\ud835\udddc\ud835\udde4\ud835\udde8\ud835\uddd8\ud835\udde6 au \ud835\udde7\ud835\uddfc\ud835\uddfd \ud835\udddf\ud835\uddfc\ud835\uddf4\ud835\uddf6\ud835\ude00\ud835\ude01\ud835\uddf6\ud835\uddf0\ud835\ude00 \ud835\uddd8\ud835\ude02\ud835\uddff\ud835\uddfc\ud835\uddfd\ud835\uddf2 : stockage 3PL, plateforme Cross Dock, &#8230; Inscrivez-vous sur le site Top Logistics : \ud83d\udcf2&nbsp;Top Logistics Europe 2022 &amp; \u27a1\ufe0f Retrouvons-nous les \ud835\udfed\ud835\udff1 &amp; \ud835\udfed\ud835\udff2 \ud835\uddf7\ud835\ude02\ud835\uddf6\ud835\uddfb \ud835\udfee\ud835\udfec\ud835\udfee\ud835\udfee [&hellip;]<\/p>\n","protected":false},"author":2,"featured_media":7730,"comment_status":"closed","ping_status":"open","sticky":false,"template":"","format":"standard","meta":{"om_disable_all_campaigns":false,"_monsterinsights_skip_tracking":false,"_monsterinsights_sitenote_active":false,"_monsterinsights_sitenote_note":"","_monsterinsights_sitenote_category":0,"footnotes":""},"categories":[4,6,18,24],"tags":[],"class_list":["post-7732","post","type-post","status-publish","format-standard","has-post-thumbnail","hentry","category-actualites","category-evenements","category-evenements-logistique","category-evenement-overseas"],"aioseo_notices":[],"_links":{"self":[{"href":"https:\/\/www.transports-coue.fr\/fr\/wp-json\/wp\/v2\/posts\/7732","targetHints":{"allow":["GET"]}}],"collection":[{"href":"https:\/\/www.transports-coue.fr\/fr\/wp-json\/wp\/v2\/posts"}],"about":[{"href":"https:\/\/www.transports-coue.fr\/fr\/wp-json\/wp\/v2\/types\/post"}],"author":[{"embeddable":true,"href":"https:\/\/www.transports-coue.fr\/fr\/wp-json\/wp\/v2\/users\/2"}],"replies":[{"embeddable":true,"href":"https:\/\/www.transports-coue.fr\/fr\/wp-json\/wp\/v2\/comments?post=7732"}],"version-history":[{"count":2,"href":"https:\/\/www.transports-coue.fr\/fr\/wp-json\/wp\/v2\/posts\/7732\/revisions"}],"predecessor-version":[{"id":7736,"href":"https:\/\/www.transports-coue.fr\/fr\/wp-json\/wp\/v2\/posts\/7732\/revisions\/7736"}],"wp:featuredmedia":[{"embeddable":true,"href":"https:\/\/www.transports-coue.fr\/fr\/wp-json\/wp\/v2\/media\/7730"}],"wp:attachment":[{"href":"https:\/\/www.transports-coue.fr\/fr\/wp-json\/wp\/v2\/media?parent=7732"}],"wp:term":[{"taxonomy":"category","embeddable":true,"href":"https:\/\/www.transports-coue.fr\/fr\/wp-json\/wp\/v2\/categories?post=7732"},{"taxonomy":"post_tag","embeddable":true,"href":"https:\/\/www.transports-coue.fr\/fr\/wp-json\/wp\/v2\/tags?post=7732"}],"curies":[{"name":"wp","href":"https:\/\/api.w.org\/{rel}","templated":true}]}}