{"id":7510,"date":"2022-02-25T17:44:55","date_gmt":"2022-02-25T16:44:55","guid":{"rendered":"https:\/\/www.transports-coue.fr\/?p=7510"},"modified":"2022-03-03T17:29:06","modified_gmt":"2022-03-03T16:29:06","slug":"david-devient-formateur-interne-de-nos-conducteurs","status":"publish","type":"post","link":"https:\/\/www.transports-coue.fr\/fr\/david-devient-formateur-interne-de-nos-conducteurs\/","title":{"rendered":"David devient Formateur Interne de nos Conducteurs !"},"content":{"rendered":"<div class=\"kvgmc6g5 cxmmr5t8 oygrvhab hcukyx3x c1et5uql ii04i59q\">\n<div dir=\"auto\">Nous avons le plaisir de d\u00e9marrer notre nouvelle s\u00e9rie \u00ab\u00a0<span class=\"pq6dq46d tbxw36s4 knj5qynh kvgmc6g5 ditlmg2l oygrvhab nvdbi5me sf5mxxl7 gl3lb2sf hhz5lgdu\"><img loading=\"lazy\" decoding=\"async\" src=\"https:\/\/static.xx.fbcdn.net\/images\/emoji.php\/v9\/te4\/1.5\/16\/1f465.png\" alt=\"\ud83d\udc65\" width=\"16\" height=\"16\"> <\/span>\ud835\uddd9\ud835\uddee\ud835\uddf6\ud835\ude00\ud835\uddfc\ud835\uddfb\ud835\ude00 \ud835\uddf9\ud835\uddee \ud835\uddff\ud835\uddfc\ud835\ude02\ud835\ude01\ud835\uddf2 \ud835\uddf2\ud835\uddfb\ud835\ude00\ud835\uddf2\ud835\uddfa\ud835\uddef\ud835\uddf9\ud835\uddf2 <span class=\"pq6dq46d tbxw36s4 knj5qynh kvgmc6g5 ditlmg2l oygrvhab nvdbi5me sf5mxxl7 gl3lb2sf hhz5lgdu\"><img loading=\"lazy\" decoding=\"async\" src=\"https:\/\/static.xx.fbcdn.net\/images\/emoji.php\/v9\/t77\/1.5\/16\/1f33f.png\" alt=\"\ud83c\udf3f\" width=\"16\" height=\"16\"><\/span>\u00a0\u00bb en vous informant des nouvelles missions de <strong>David<\/strong> en tant que \ud835\uddd9\ud835\uddfc\ud835\uddff\ud835\uddfa\ud835\uddee\ud835\ude01\ud835\uddf2\ud835\ude02\ud835\uddff \ud835\udddc\ud835\uddfb\ud835\ude01\ud835\uddf2\ud835\uddff\ud835\uddfb\ud835\uddf2 pour nos structures Transports Cou\u00e9, <span class=\"nc684nl6\">TRM<\/span> et TCM.<\/div>\n<div dir=\"auto\">\n\n<style type=\"text\/css\" data-created_by=\"avia_inline_auto\" id=\"style-css-av-6ficnq-a08d41fa1adc43547a6d13099a7df838\">\n#top .hr.hr-invisible.av-6ficnq-a08d41fa1adc43547a6d13099a7df838{\nheight:10px;\n}\n<\/style>\n<div  class='hr av-6ficnq-a08d41fa1adc43547a6d13099a7df838 hr-invisible  avia-builder-el-0  el_before_av_hr  avia-builder-el-first '><span class='hr-inner '><span class=\"hr-inner-style\"><\/span><\/span><\/div>\n<\/div>\n<\/div>\n<div class=\"cxmmr5t8 oygrvhab hcukyx3x c1et5uql o9v6fnle ii04i59q\">\n<div dir=\"auto\">Apr\u00e8s 14 ans en qualit\u00e9 d&rsquo;Exploitant Transport, David poursuit son \u00e9volution au sein de notre soci\u00e9t\u00e9 et occupe d\u00e9sormais, depuis d\u00e9but f\u00e9vrier, cette importante fonction d&rsquo;\ud835\uddd4\ud835\uddf0\ud835\uddf0\ud835\uddfc\ud835\uddfa\ud835\uddfd\ud835\uddee\ud835\uddf4\ud835\uddfb\ud835\uddee\ud835\ude01\ud835\uddf2\ud835\ude02\ud835\uddff \ud835\uddf1\ud835\uddf2 \ud835\uddfb\ud835\uddfc\ud835\ude00 \ud835\uddf0\ud835\uddfc\ud835\uddfb\ud835\uddf1\ud835\ude02\ud835\uddf0\ud835\ude01\ud835\uddf2\ud835\ude02\ud835\uddff\ud835\ude00 pour leur assurer les meilleures conditions de travail possibles.<\/div>\n<\/div>\n<div class=\"cxmmr5t8 oygrvhab hcukyx3x c1et5uql o9v6fnle ii04i59q\">\n<div dir=\"auto\"><\/div>\n<div dir=\"auto\">Son r\u00f4le est \u00e9galement :<\/div>\n<div dir=\"auto\"><span class=\"pq6dq46d tbxw36s4 knj5qynh kvgmc6g5 ditlmg2l oygrvhab nvdbi5me sf5mxxl7 gl3lb2sf hhz5lgdu\"><img loading=\"lazy\" decoding=\"async\" src=\"https:\/\/static.xx.fbcdn.net\/images\/emoji.php\/v9\/tba\/1.5\/16\/2705.png\" alt=\"\u2705\" width=\"16\" height=\"16\"><\/span> l&rsquo;int\u00e9gration de nos nouveaux conducteurs<\/div>\n<div dir=\"auto\"><span class=\"pq6dq46d tbxw36s4 knj5qynh kvgmc6g5 ditlmg2l oygrvhab nvdbi5me sf5mxxl7 gl3lb2sf hhz5lgdu\"><img loading=\"lazy\" decoding=\"async\" src=\"https:\/\/static.xx.fbcdn.net\/images\/emoji.php\/v9\/tba\/1.5\/16\/2705.png\" alt=\"\u2705\" width=\"16\" height=\"16\"><\/span> la formation \u00e0 l&rsquo;\u00e9co-conduite<\/div>\n<div dir=\"auto\"><span class=\"pq6dq46d tbxw36s4 knj5qynh kvgmc6g5 ditlmg2l oygrvhab nvdbi5me sf5mxxl7 gl3lb2sf hhz5lgdu\"><img loading=\"lazy\" decoding=\"async\" src=\"https:\/\/static.xx.fbcdn.net\/images\/emoji.php\/v9\/tba\/1.5\/16\/2705.png\" alt=\"\u2705\" width=\"16\" height=\"16\"><\/span> la participation au recrutement<\/div>\n<div dir=\"auto\"><span class=\"pq6dq46d tbxw36s4 knj5qynh kvgmc6g5 ditlmg2l oygrvhab nvdbi5me sf5mxxl7 gl3lb2sf hhz5lgdu\"><img loading=\"lazy\" decoding=\"async\" src=\"https:\/\/static.xx.fbcdn.net\/images\/emoji.php\/v9\/tba\/1.5\/16\/2705.png\" alt=\"\u2705\" width=\"16\" height=\"16\"><\/span> la repr\u00e9sentation de nos structures aupr\u00e8s des \u00e9tablissements scolaires et lors de salons de l&#8217;emploi.<\/div>\n<\/div>\n<div class=\"cxmmr5t8 oygrvhab hcukyx3x c1et5uql o9v6fnle ii04i59q\">\n<div dir=\"auto\">\n<style type=\"text\/css\" data-created_by=\"avia_inline_auto\" id=\"style-css-av-4ele7a-0c5cb1b0eeed2719fcc31ffd59c053fc\">\n#top .hr.hr-invisible.av-4ele7a-0c5cb1b0eeed2719fcc31ffd59c053fc{\nheight:10px;\n}\n<\/style>\n<div  class='hr av-4ele7a-0c5cb1b0eeed2719fcc31ffd59c053fc hr-invisible  avia-builder-el-1  el_after_av_hr  el_before_av_hr '><span class='hr-inner '><span class=\"hr-inner-style\"><\/span><\/span><\/div><\/div>\n<div dir=\"auto\"><span class=\"pq6dq46d tbxw36s4 knj5qynh kvgmc6g5 ditlmg2l oygrvhab nvdbi5me sf5mxxl7 gl3lb2sf hhz5lgdu\"><img loading=\"lazy\" decoding=\"async\" src=\"https:\/\/static.xx.fbcdn.net\/images\/emoji.php\/v9\/t7b\/1.5\/16\/2728.png\" alt=\"\u2728\" width=\"16\" height=\"16\"><\/span>Nous lui souhaitons pleine r\u00e9ussite dans cette nouvelle fonction !<\/div>\n<\/div>\n<div dir=\"auto\"><\/div>\n<div dir=\"auto\">\n<style type=\"text\/css\" data-created_by=\"avia_inline_auto\" id=\"style-css-av-339fly-102c3b696d4f5c569c2f59772755e6b7\">\n#top .hr.hr-invisible.av-339fly-102c3b696d4f5c569c2f59772755e6b7{\nheight:10px;\n}\n<\/style>\n<div  class='hr av-339fly-102c3b696d4f5c569c2f59772755e6b7 hr-invisible  avia-builder-el-2  el_after_av_hr  el_before_av_hr '><span class='hr-inner '><span class=\"hr-inner-style\"><\/span><\/span><\/div><\/div>\n<div dir=\"auto\"><strong>Souvenez-vous, nous vous avions fait d\u00e9couvrir David, en f\u00e9vrier 2021, dans notre s\u00e9rie \u00ab\u00a0Zoom sur un de nos reMarquables !\u00a0\u00bb :<\/strong><\/p>\n<div data-offset-key=\"5j35h-0-0\">\n<style type=\"text\/css\" data-created_by=\"avia_inline_auto\" id=\"style-css-av-8thpez-e0bf4a05b85ff03080450ce91bf1c8f1\">\n#top .hr.hr-invisible.av-8thpez-e0bf4a05b85ff03080450ce91bf1c8f1{\nheight:10px;\n}\n<\/style>\n<div  class='hr av-8thpez-e0bf4a05b85ff03080450ce91bf1c8f1 hr-invisible  avia-builder-el-3  el_after_av_hr  el_before_av_font_icon '><span class='hr-inner '><span class=\"hr-inner-style\"><\/span><\/span><\/div><\/div>\n<div data-offset-key=\"5j35h-0-0\">\n<style type=\"text\/css\" data-created_by=\"avia_inline_auto\" id=\"style-css-av-7zalm3-4372cf8886a7efdb3fa8b8f75d5d7747\">\n.av_font_icon.av-7zalm3-4372cf8886a7efdb3fa8b8f75d5d7747{\ncolor:#a81010;\nborder-color:#a81010;\n}\n.avia-svg-icon.av-7zalm3-4372cf8886a7efdb3fa8b8f75d5d7747 svg:first-child{\nstroke:#a81010;\nfill:#a81010;\n}\n.av_font_icon.av-7zalm3-4372cf8886a7efdb3fa8b8f75d5d7747 .av-icon-char{\nfont-size:30px;\nline-height:30px;\n}\n<\/style>\n<span  class='av_font_icon av-7zalm3-4372cf8886a7efdb3fa8b8f75d5d7747 avia_animate_when_visible av-icon-style- avia-icon-pos-left avia-iconfont avia-font-entypo-fontello avia-icon-animate'><span class='av-icon-char' data-av_icon='\ue832' data-av_iconfont='entypo-fontello' aria-hidden=\"true\" ><\/span><\/span> <a href=\"https:\/\/www.transports-coue.fr\/fr\/zoom-sur-un-de-nos-remarquables-david-exploitant-transport\/\" target=\"_blank\" rel=\"noopener\">David, exploitant transport<\/a><\/div>\n<\/div>\n<div dir=\"auto\"><\/div>\n<div class=\"cxmmr5t8 oygrvhab hcukyx3x c1et5uql o9v6fnle ii04i59q\">\n<div dir=\"auto\"><\/div>\n<\/div>\n","protected":false},"excerpt":{"rendered":"<p>Nous avons le plaisir de d\u00e9marrer notre nouvelle s\u00e9rie \u00ab\u00a0 \ud835\uddd9\ud835\uddee\ud835\uddf6\ud835\ude00\ud835\uddfc\ud835\uddfb\ud835\ude00 \ud835\uddf9\ud835\uddee \ud835\uddff\ud835\uddfc\ud835\ude02\ud835\ude01\ud835\uddf2 \ud835\uddf2\ud835\uddfb\ud835\ude00\ud835\uddf2\ud835\uddfa\ud835\uddef\ud835\uddf9\ud835\uddf2 \u00a0\u00bb en vous informant des nouvelles missions de David en tant que \ud835\uddd9\ud835\uddfc\ud835\uddff\ud835\uddfa\ud835\uddee\ud835\ude01\ud835\uddf2\ud835\ude02\ud835\uddff \ud835\udddc\ud835\uddfb\ud835\ude01\ud835\uddf2\ud835\uddff\ud835\uddfb\ud835\uddf2 pour nos structures Transports Cou\u00e9, TRM et TCM. Apr\u00e8s 14 ans en qualit\u00e9 d&rsquo;Exploitant Transport, David poursuit son \u00e9volution au sein de notre soci\u00e9t\u00e9 et occupe d\u00e9sormais, [&hellip;]<\/p>\n","protected":false},"author":2,"featured_media":7515,"comment_status":"closed","ping_status":"open","sticky":false,"template":"","format":"standard","meta":{"om_disable_all_campaigns":false,"_monsterinsights_skip_tracking":false,"_monsterinsights_sitenote_active":false,"_monsterinsights_sitenote_note":"","_monsterinsights_sitenote_category":0,"footnotes":""},"categories":[4,5],"tags":[],"class_list":["post-7510","post","type-post","status-publish","format-standard","has-post-thumbnail","hentry","category-actualites","category-developpement"],"aioseo_notices":[],"_links":{"self":[{"href":"https:\/\/www.transports-coue.fr\/fr\/wp-json\/wp\/v2\/posts\/7510","targetHints":{"allow":["GET"]}}],"collection":[{"href":"https:\/\/www.transports-coue.fr\/fr\/wp-json\/wp\/v2\/posts"}],"about":[{"href":"https:\/\/www.transports-coue.fr\/fr\/wp-json\/wp\/v2\/types\/post"}],"author":[{"embeddable":true,"href":"https:\/\/www.transports-coue.fr\/fr\/wp-json\/wp\/v2\/users\/2"}],"replies":[{"embeddable":true,"href":"https:\/\/www.transports-coue.fr\/fr\/wp-json\/wp\/v2\/comments?post=7510"}],"version-history":[{"count":21,"href":"https:\/\/www.transports-coue.fr\/fr\/wp-json\/wp\/v2\/posts\/7510\/revisions"}],"predecessor-version":[{"id":7576,"href":"https:\/\/www.transports-coue.fr\/fr\/wp-json\/wp\/v2\/posts\/7510\/revisions\/7576"}],"wp:featuredmedia":[{"embeddable":true,"href":"https:\/\/www.transports-coue.fr\/fr\/wp-json\/wp\/v2\/media\/7515"}],"wp:attachment":[{"href":"https:\/\/www.transports-coue.fr\/fr\/wp-json\/wp\/v2\/media?parent=7510"}],"wp:term":[{"taxonomy":"category","embeddable":true,"href":"https:\/\/www.transports-coue.fr\/fr\/wp-json\/wp\/v2\/categories?post=7510"},{"taxonomy":"post_tag","embeddable":true,"href":"https:\/\/www.transports-coue.fr\/fr\/wp-json\/wp\/v2\/tags?post=7510"}],"curies":[{"name":"wp","href":"https:\/\/api.w.org\/{rel}","templated":true}]}}