{"id":6454,"date":"2021-09-16T16:34:39","date_gmt":"2021-09-16T14:34:39","guid":{"rendered":"https:\/\/www.transports-coue.fr\/?p=6454"},"modified":"2021-09-20T00:37:21","modified_gmt":"2021-09-19T22:37:21","slug":"le-groupe-coue-au-top-transport-2021-avec-otms","status":"publish","type":"post","link":"https:\/\/www.transports-coue.fr\/fr\/le-groupe-coue-au-top-transport-2021-avec-otms\/","title":{"rendered":"Le groupe Cou\u00e9 au Top Transport 2021 avec OTMS"},"content":{"rendered":"<p>\u26a1 \ud835\udddd-\ud835\udfef\ud835\udfec avant le d\u00e9but du salon \ud835\udde7\ud835\uddfc\ud835\uddfd \ud835\udde7\ud835\uddff\ud835\uddee\ud835\uddfb\ud835\ude00\ud835\uddfd\ud835\uddfc\ud835\uddff\ud835\ude01 \ud835\uddd8\ud835\ude02\ud835\uddff\ud835\uddfc\ud835\uddfd\ud835\uddf2 \ud83d\ude9b \u00e0 \ud835\udde0\ud835\uddee\ud835\uddff\ud835\ude00\ud835\uddf2\ud835\uddf6\ud835\uddf9\ud835\uddf9\ud835\uddf2 au Palais du Pharo ! \u26a1<\/p>\n<p>Les \ud835\udfed\ud835\udfef &amp; \ud835\udfed\ud835\udff0 \ud835\uddfc\ud835\uddf0\ud835\ude01, retrouvez nos \u00e9quipes <strong>Transports Cou\u00e9, TRM, TCM, ELM &amp; SOTECAN INTERNATIONAL<\/strong> sur le stand de notre partenaire <a href=\"http:\/\/www.otms.fr\/\" target=\"_blank\" rel=\"noopener\">OTMS<\/a> et abordons ensemble vos projets \ud835\udde7\ud835\uddff\ud835\uddee\ud835\uddfb\ud835\ude00\ud835\uddfd\ud835\uddfc\ud835\uddff\ud835\ude01 &amp; \ud835\udddf\ud835\uddfc\ud835\uddf4\ud835\uddf6\ud835\ude00\ud835\ude01\ud835\uddf6\ud835\uddfe\ud835\ude02\ud835\uddf2.<\/p>\n<p>Prenez connaissance d\u00e8s \u00e0 pr\u00e9sent de l&rsquo;ensemble de nos prestations de service :<\/p>\n<p>\n<style type=\"text\/css\" data-created_by=\"avia_inline_auto\" id=\"style-css-av-g3hz7q-d0ca0695aff6fb02e6a5a61c19ac337c\">\n.av_font_icon.av-g3hz7q-d0ca0695aff6fb02e6a5a61c19ac337c{\ncolor:#a81010;\nborder-color:#a81010;\n}\n.avia-svg-icon.av-g3hz7q-d0ca0695aff6fb02e6a5a61c19ac337c svg:first-child{\nstroke:#a81010;\nfill:#a81010;\n}\n.av_font_icon.av-g3hz7q-d0ca0695aff6fb02e6a5a61c19ac337c .av-icon-char{\nfont-size:25px;\nline-height:25px;\n}\n<\/style>\n<span  class='av_font_icon av-g3hz7q-d0ca0695aff6fb02e6a5a61c19ac337c avia_animate_when_visible av-icon-style- avia-icon-pos-left avia-iconfont avia-font-entypo-fontello avia-icon-animate'><span class='av-icon-char' data-av_icon='\ue832' data-av_iconfont='entypo-fontello' aria-hidden=\"true\" ><\/span><\/span> <a href=\"https:\/\/www.transports-coue.fr\/fr\/transport\/overseas\/\" target=\"_blank\" rel=\"noopener\">Overseas, gestion compl\u00e8te de votre flux de distribution internationale<\/a><\/p>\n<p>\n<style type=\"text\/css\" data-created_by=\"avia_inline_auto\" id=\"style-css-av-dhwf7a-f4ffe1b0856697ec939a6733608ad89a\">\n.av_font_icon.av-dhwf7a-f4ffe1b0856697ec939a6733608ad89a{\ncolor:#a81010;\nborder-color:#a81010;\n}\n.avia-svg-icon.av-dhwf7a-f4ffe1b0856697ec939a6733608ad89a svg:first-child{\nstroke:#a81010;\nfill:#a81010;\n}\n.av_font_icon.av-dhwf7a-f4ffe1b0856697ec939a6733608ad89a .av-icon-char{\nfont-size:25px;\nline-height:25px;\n}\n<\/style>\n<span  class='av_font_icon av-dhwf7a-f4ffe1b0856697ec939a6733608ad89a avia_animate_when_visible av-icon-style- avia-icon-pos-left avia-iconfont avia-font-entypo-fontello avia-icon-animate'><span class='av-icon-char' data-av_icon='\ue832' data-av_iconfont='entypo-fontello' aria-hidden=\"true\" ><\/span><\/span> <a href=\"https:\/\/www.transports-coue.fr\/fr\/transport\/complet-ftl\/\" target=\"_blank\" rel=\"noopener\">Transport Complet FTL<\/a><\/p>\n<p>\n<style type=\"text\/css\" data-created_by=\"avia_inline_auto\" id=\"style-css-av-183i1i-52e7ac8b6d5e581ee3753c81629143df\">\n.av_font_icon.av-183i1i-52e7ac8b6d5e581ee3753c81629143df{\ncolor:#a81010;\nborder-color:#a81010;\n}\n.avia-svg-icon.av-183i1i-52e7ac8b6d5e581ee3753c81629143df svg:first-child{\nstroke:#a81010;\nfill:#a81010;\n}\n.av_font_icon.av-183i1i-52e7ac8b6d5e581ee3753c81629143df .av-icon-char{\nfont-size:25px;\nline-height:25px;\n}\n<\/style>\n<span  class='av_font_icon av-183i1i-52e7ac8b6d5e581ee3753c81629143df avia_animate_when_visible av-icon-style- avia-icon-pos-left avia-iconfont avia-font-entypo-fontello avia-icon-animate'><span class='av-icon-char' data-av_icon='\ue832' data-av_iconfont='entypo-fontello' aria-hidden=\"true\" ><\/span><\/span> <a href=\"https:\/\/www.transports-coue.fr\/fr\/transport\/la-messagerie-palette\/\" target=\"_blank\" rel=\"noopener\">Transport Messagerie Palette<\/a><\/p>\n<p>\n<style type=\"text\/css\" data-created_by=\"avia_inline_auto\" id=\"style-css-av-behvfq-c0f15cca6e249aca3daf4a6cbc37c66c\">\n.av_font_icon.av-behvfq-c0f15cca6e249aca3daf4a6cbc37c66c{\ncolor:#a81010;\nborder-color:#a81010;\n}\n.avia-svg-icon.av-behvfq-c0f15cca6e249aca3daf4a6cbc37c66c svg:first-child{\nstroke:#a81010;\nfill:#a81010;\n}\n.av_font_icon.av-behvfq-c0f15cca6e249aca3daf4a6cbc37c66c .av-icon-char{\nfont-size:25px;\nline-height:25px;\n}\n<\/style>\n<span  class='av_font_icon av-behvfq-c0f15cca6e249aca3daf4a6cbc37c66c avia_animate_when_visible av-icon-style- avia-icon-pos-left avia-iconfont avia-font-entypo-fontello avia-icon-animate'><span class='av-icon-char' data-av_icon='\ue832' data-av_iconfont='entypo-fontello' aria-hidden=\"true\" ><\/span><\/span> <a href=\"https:\/\/www.transports-coue.fr\/fr\/transport\/longueur-lot-et-partiel\/\" target=\"_blank\" rel=\"noopener\">Transport Longueur, Lot, Partiel LTL<\/a><\/p>\n<p>\n<style type=\"text\/css\" data-created_by=\"avia_inline_auto\" id=\"style-css-av-9q3nty-792193412278daec091e49f18fa4ad6d\">\n.av_font_icon.av-9q3nty-792193412278daec091e49f18fa4ad6d{\ncolor:#a81010;\nborder-color:#a81010;\n}\n.avia-svg-icon.av-9q3nty-792193412278daec091e49f18fa4ad6d svg:first-child{\nstroke:#a81010;\nfill:#a81010;\n}\n.av_font_icon.av-9q3nty-792193412278daec091e49f18fa4ad6d .av-icon-char{\nfont-size:25px;\nline-height:25px;\n}\n<\/style>\n<span  class='av_font_icon av-9q3nty-792193412278daec091e49f18fa4ad6d avia_animate_when_visible av-icon-style- avia-icon-pos-left avia-iconfont avia-font-entypo-fontello avia-icon-animate'><span class='av-icon-char' data-av_icon='\ue832' data-av_iconfont='entypo-fontello' aria-hidden=\"true\" ><\/span><\/span> <a href=\"https:\/\/www.transports-coue.fr\/fr\/transport\/grand-volume\/\" target=\"_blank\" rel=\"noopener\">Transport Grand Volume<\/a><\/p>\n<p>\n<style type=\"text\/css\" data-created_by=\"avia_inline_auto\" id=\"style-css-av-76p71i-0abb8950540b57fe9372fb3a773253de\">\n.av_font_icon.av-76p71i-0abb8950540b57fe9372fb3a773253de{\ncolor:#a81010;\nborder-color:#a81010;\n}\n.avia-svg-icon.av-76p71i-0abb8950540b57fe9372fb3a773253de svg:first-child{\nstroke:#a81010;\nfill:#a81010;\n}\n.av_font_icon.av-76p71i-0abb8950540b57fe9372fb3a773253de .av-icon-char{\nfont-size:25px;\nline-height:25px;\n}\n<\/style>\n<span  class='av_font_icon av-76p71i-0abb8950540b57fe9372fb3a773253de avia_animate_when_visible av-icon-style- avia-icon-pos-left avia-iconfont avia-font-entypo-fontello avia-icon-animate'><span class='av-icon-char' data-av_icon='\ue832' data-av_iconfont='entypo-fontello' aria-hidden=\"true\" ><\/span><\/span> <a href=\"https:\/\/www.transports-coue.fr\/fr\/transport\/container\/\" target=\"_blank\" rel=\"noopener\">Transport de Containers<\/a><\/p>\n<p>\n<style type=\"text\/css\" data-created_by=\"avia_inline_auto\" id=\"style-css-av-5rrk8m-01bb889787fb242d64a61279b7275569\">\n.av_font_icon.av-5rrk8m-01bb889787fb242d64a61279b7275569{\ncolor:#a81010;\nborder-color:#a81010;\n}\n.avia-svg-icon.av-5rrk8m-01bb889787fb242d64a61279b7275569 svg:first-child{\nstroke:#a81010;\nfill:#a81010;\n}\n.av_font_icon.av-5rrk8m-01bb889787fb242d64a61279b7275569 .av-icon-char{\nfont-size:25px;\nline-height:25px;\n}\n<\/style>\n<span  class='av_font_icon av-5rrk8m-01bb889787fb242d64a61279b7275569 avia_animate_when_visible av-icon-style- avia-icon-pos-left avia-iconfont avia-font-entypo-fontello avia-icon-animate'><span class='av-icon-char' data-av_icon='\ue832' data-av_iconfont='entypo-fontello' aria-hidden=\"true\" ><\/span><\/span> <a href=\"https:\/\/www.transports-coue.fr\/fr\/transport\/temperature-dirigee\/\" target=\"_blank\" rel=\"noopener\">Temp\u00e9rature dirig\u00e9e<\/a><\/p>\n<p>\n<style type=\"text\/css\" data-created_by=\"avia_inline_auto\" id=\"style-css-av-4x8vrq-be2f52168b049e045f797cf83b32d3ad\">\n.av_font_icon.av-4x8vrq-be2f52168b049e045f797cf83b32d3ad{\ncolor:#a81010;\nborder-color:#a81010;\n}\n.avia-svg-icon.av-4x8vrq-be2f52168b049e045f797cf83b32d3ad svg:first-child{\nstroke:#a81010;\nfill:#a81010;\n}\n.av_font_icon.av-4x8vrq-be2f52168b049e045f797cf83b32d3ad .av-icon-char{\nfont-size:25px;\nline-height:25px;\n}\n<\/style>\n<span  class='av_font_icon av-4x8vrq-be2f52168b049e045f797cf83b32d3ad avia_animate_when_visible av-icon-style- avia-icon-pos-left avia-iconfont avia-font-entypo-fontello avia-icon-animate'><span class='av-icon-char' data-av_icon='\ue832' data-av_iconfont='entypo-fontello' aria-hidden=\"true\" ><\/span><\/span> <a href=\"https:\/\/www.transports-coue.fr\/fr\/transport\/location-avec-conducteur\/\" target=\"_blank\" rel=\"noopener\">Location de camion avec conducteur<\/a><\/p>\n<p>\n<style type=\"text\/css\" data-created_by=\"avia_inline_auto\" id=\"style-css-av-35un9y-b5ab436aff10abd0496c8f94288a8253\">\n.av_font_icon.av-35un9y-b5ab436aff10abd0496c8f94288a8253{\ncolor:#a81010;\nborder-color:#a81010;\n}\n.avia-svg-icon.av-35un9y-b5ab436aff10abd0496c8f94288a8253 svg:first-child{\nstroke:#a81010;\nfill:#a81010;\n}\n.av_font_icon.av-35un9y-b5ab436aff10abd0496c8f94288a8253 .av-icon-char{\nfont-size:25px;\nline-height:25px;\n}\n<\/style>\n<span  class='av_font_icon av-35un9y-b5ab436aff10abd0496c8f94288a8253 avia_animate_when_visible av-icon-style- avia-icon-pos-left avia-iconfont avia-font-entypo-fontello avia-icon-animate'><span class='av-icon-char' data-av_icon='\ue832' data-av_iconfont='entypo-fontello' aria-hidden=\"true\" ><\/span><\/span> <a href=\"https:\/\/www.transports-coue.fr\/fr\/logistique\/generale\/\" target=\"_blank\" rel=\"noopener\">Logistique 30 000 m\u00b2 produits standards, HACCP, mati\u00e8res dangereuses<\/a><\/p>\n<p><\/p>\n<p>#TransportRoutier #Logistique #Ecommerce #Marseille #PalaisDuPharo #Evenement #TopTransport<\/p>\n<p><\/p>\n\n\n<p><\/p>\n","protected":false},"excerpt":{"rendered":"<p>\u26a1 \ud835\udddd-\ud835\udfef\ud835\udfec avant le d\u00e9but du salon \ud835\udde7\ud835\uddfc\ud835\uddfd \ud835\udde7\ud835\uddff\ud835\uddee\ud835\uddfb\ud835\ude00\ud835\uddfd\ud835\uddfc\ud835\uddff\ud835\ude01 \ud835\uddd8\ud835\ude02\ud835\uddff\ud835\uddfc\ud835\uddfd\ud835\uddf2 \ud83d\ude9b \u00e0 \ud835\udde0\ud835\uddee\ud835\uddff\ud835\ude00\ud835\uddf2\ud835\uddf6\ud835\uddf9\ud835\uddf9\ud835\uddf2 au Palais du Pharo ! \u26a1 Les \ud835\udfed\ud835\udfef &amp; \ud835\udfed\ud835\udff0 \ud835\uddfc\ud835\uddf0\ud835\ude01, retrouvez nos \u00e9quipes Transports Cou\u00e9, TRM, TCM, ELM &amp; SOTECAN INTERNATIONAL sur le stand de notre partenaire OTMS et abordons ensemble vos projets \ud835\udde7\ud835\uddff\ud835\uddee\ud835\uddfb\ud835\ude00\ud835\uddfd\ud835\uddfc\ud835\uddff\ud835\ude01 &amp; \ud835\udddf\ud835\uddfc\ud835\uddf4\ud835\uddf6\ud835\ude00\ud835\ude01\ud835\uddf6\ud835\uddfe\ud835\ude02\ud835\uddf2. Prenez connaissance d\u00e8s \u00e0 pr\u00e9sent [&hellip;]<\/p>\n","protected":false},"author":2,"featured_media":6455,"comment_status":"closed","ping_status":"open","sticky":false,"template":"","format":"standard","meta":{"om_disable_all_campaigns":false,"_monsterinsights_skip_tracking":false,"_monsterinsights_sitenote_active":false,"_monsterinsights_sitenote_note":"","_monsterinsights_sitenote_category":0,"footnotes":""},"categories":[4,6],"tags":[],"class_list":["post-6454","post","type-post","status-publish","format-standard","has-post-thumbnail","hentry","category-actualites","category-evenements"],"aioseo_notices":[],"_links":{"self":[{"href":"https:\/\/www.transports-coue.fr\/fr\/wp-json\/wp\/v2\/posts\/6454","targetHints":{"allow":["GET"]}}],"collection":[{"href":"https:\/\/www.transports-coue.fr\/fr\/wp-json\/wp\/v2\/posts"}],"about":[{"href":"https:\/\/www.transports-coue.fr\/fr\/wp-json\/wp\/v2\/types\/post"}],"author":[{"embeddable":true,"href":"https:\/\/www.transports-coue.fr\/fr\/wp-json\/wp\/v2\/users\/2"}],"replies":[{"embeddable":true,"href":"https:\/\/www.transports-coue.fr\/fr\/wp-json\/wp\/v2\/comments?post=6454"}],"version-history":[{"count":10,"href":"https:\/\/www.transports-coue.fr\/fr\/wp-json\/wp\/v2\/posts\/6454\/revisions"}],"predecessor-version":[{"id":6488,"href":"https:\/\/www.transports-coue.fr\/fr\/wp-json\/wp\/v2\/posts\/6454\/revisions\/6488"}],"wp:featuredmedia":[{"embeddable":true,"href":"https:\/\/www.transports-coue.fr\/fr\/wp-json\/wp\/v2\/media\/6455"}],"wp:attachment":[{"href":"https:\/\/www.transports-coue.fr\/fr\/wp-json\/wp\/v2\/media?parent=6454"}],"wp:term":[{"taxonomy":"category","embeddable":true,"href":"https:\/\/www.transports-coue.fr\/fr\/wp-json\/wp\/v2\/categories?post=6454"},{"taxonomy":"post_tag","embeddable":true,"href":"https:\/\/www.transports-coue.fr\/fr\/wp-json\/wp\/v2\/tags?post=6454"}],"curies":[{"name":"wp","href":"https:\/\/api.w.org\/{rel}","templated":true}]}}