{"id":5862,"date":"2021-08-31T18:54:22","date_gmt":"2021-08-31T16:54:22","guid":{"rendered":"https:\/\/www.transports-coue.fr\/?p=5862"},"modified":"2021-12-03T16:48:36","modified_gmt":"2021-12-03T15:48:36","slug":"zoom-sur-un-de-nos-remarquables-laurent-exploitant-transport","status":"publish","type":"post","link":"https:\/\/www.transports-coue.fr\/fr\/zoom-sur-un-de-nos-remarquables-laurent-exploitant-transport\/","title":{"rendered":"Zoom sur un de nos reMarquables : Laurent, Exploitant Transport"},"content":{"rendered":"<p>\u2728 ZOOM sur un de nos reMarquables !<\/p>\n<p>La s\u00e9rie sur nos reMarquables, figurant sur nos nouvelles b\u00e2ches semi-remorques \ud83d\ude9b, continue avec la pr\u00e9sentation de Laurent arriv\u00e9 chez les Transports Cou\u00e9 il y a 10 ans.<\/p>\n<p>Laurent a commenc\u00e9 \u00e0 faire \u00ab\u00a0ses armes\u00a0\u00bb en tant que Conducteur puis a eu l&rsquo;opportunit\u00e9 d&rsquo;\u00e9voluer au poste d&rsquo;Exploitant Transport. Il est en charge de l&rsquo;organisation de tous les enl\u00e8vements et la distribution des palettes de Bretagne et Pays de la Loire gr\u00e2ce \u00e0 son \u00e9quipe de Conducteurs R\u00e9gionaux. Agile, parfois \u00e9quilibriste, il jongle tous les jours avec les al\u00e9as du transport \ud83d\ude42.<\/p>\n<p>#Transport #Logistique #Mayenne #FiersDeNosM\u00e9tiers<\/p>\n<div class=\"\" data-block=\"true\" data-editor=\"7r5kh\" data-offset-key=\"fn71-0-0\">\n<div data-offset-key=\"fn71-0-0\">\n<div class=\"\" data-block=\"true\" data-editor=\"ai3kp\" data-offset-key=\"5ub4d-0-0\">\n<div data-offset-key=\"5ub4d-0-0\">\n<div class=\"\" data-block=\"true\" data-editor=\"7r5kh\" data-offset-key=\"fn71-0-0\">\n<div data-offset-key=\"fn71-0-0\">\n<div class=\"\" data-block=\"true\" data-editor=\"ai3kp\" data-offset-key=\"5ub4d-0-0\">\n<div data-offset-key=\"5ub4d-0-0\">\n\n<style type=\"text\/css\" data-created_by=\"avia_inline_auto\" id=\"style-css-av-4r8sdn-a4d1580a5b38400c20619e71e8644237\">\n#top .hr.hr-invisible.av-4r8sdn-a4d1580a5b38400c20619e71e8644237{\nheight:20px;\n}\n<\/style>\n<div  class='hr av-4r8sdn-a4d1580a5b38400c20619e71e8644237 hr-invisible  avia-builder-el-0  el_before_av_hr  avia-builder-el-first '><span class='hr-inner '><span class=\"hr-inner-style\"><\/span><\/span><\/div>\n<\/div>\n<\/div>\n<\/div>\n<\/div>\n<div data-offset-key=\"5ub4d-0-0\">\n<blockquote>\n<div data-offset-key=\"5j35h-0-0\"><strong>Notre s\u00e9rie \u00ab\u00a0ZOOM sur un de nos reMarquables !\u00a0\u00bb<\/strong><\/div>\n<div data-offset-key=\"5j35h-0-0\">Retrouvez le t\u00e9moignage de tous nos reMarquables :<\/div>\n<div data-offset-key=\"5j35h-0-0\">\n<style type=\"text\/css\" data-created_by=\"avia_inline_auto\" id=\"style-css-av-8thpez-e0bf4a05b85ff03080450ce91bf1c8f1\">\n#top .hr.hr-invisible.av-8thpez-e0bf4a05b85ff03080450ce91bf1c8f1{\nheight:10px;\n}\n<\/style>\n<div  class='hr av-8thpez-e0bf4a05b85ff03080450ce91bf1c8f1 hr-invisible  avia-builder-el-1  el_after_av_hr  el_before_av_font_icon '><span class='hr-inner '><span class=\"hr-inner-style\"><\/span><\/span><\/div><\/div>\n<div data-offset-key=\"5j35h-0-0\">\n<style type=\"text\/css\" data-created_by=\"avia_inline_auto\" id=\"style-css-av-7zalm3-4372cf8886a7efdb3fa8b8f75d5d7747\">\n.av_font_icon.av-7zalm3-4372cf8886a7efdb3fa8b8f75d5d7747{\ncolor:#a81010;\nborder-color:#a81010;\n}\n.avia-svg-icon.av-7zalm3-4372cf8886a7efdb3fa8b8f75d5d7747 svg:first-child{\nstroke:#a81010;\nfill:#a81010;\n}\n.av_font_icon.av-7zalm3-4372cf8886a7efdb3fa8b8f75d5d7747 .av-icon-char{\nfont-size:30px;\nline-height:30px;\n}\n<\/style>\n<span  class='av_font_icon av-7zalm3-4372cf8886a7efdb3fa8b8f75d5d7747 avia_animate_when_visible av-icon-style- avia-icon-pos-left avia-iconfont avia-font-entypo-fontello avia-icon-animate'><span class='av-icon-char' data-av_icon='\ue832' data-av_iconfont='entypo-fontello' aria-hidden=\"true\" ><\/span><\/span> <a href=\"https:\/\/www.transports-coue.fr\/fr\/zoom-sur-un-de-nos-remarquables-david-exploitant-transport\/\" target=\"_blank\" rel=\"noopener\">David, exploitant transport<\/a><\/div>\n<div data-offset-key=\"5j35h-0-0\"><span style=\"font-size: inherit;\">\n<style type=\"text\/css\" data-created_by=\"avia_inline_auto\" id=\"style-css-av-6lzhaj-ec7c0ef45cab5457112bb89cc07df7b2\">\n#top .hr.hr-invisible.av-6lzhaj-ec7c0ef45cab5457112bb89cc07df7b2{\nheight:10px;\n}\n<\/style>\n<div  class='hr av-6lzhaj-ec7c0ef45cab5457112bb89cc07df7b2 hr-invisible  avia-builder-el-3  el_after_av_font_icon  el_before_av_font_icon '><span class='hr-inner '><span class=\"hr-inner-style\"><\/span><\/span><\/div><\/span><\/div>\n<div data-offset-key=\"5j35h-0-0\">\n<style type=\"text\/css\" data-created_by=\"avia_inline_auto\" id=\"style-css-av-4lnqq3-e0be683ffbafad7454f9db413cc67bed\">\n.av_font_icon.av-4lnqq3-e0be683ffbafad7454f9db413cc67bed{\ncolor:#a81010;\nborder-color:#a81010;\n}\n.avia-svg-icon.av-4lnqq3-e0be683ffbafad7454f9db413cc67bed svg:first-child{\nstroke:#a81010;\nfill:#a81010;\n}\n.av_font_icon.av-4lnqq3-e0be683ffbafad7454f9db413cc67bed .av-icon-char{\nfont-size:30px;\nline-height:30px;\n}\n<\/style>\n<span  class='av_font_icon av-4lnqq3-e0be683ffbafad7454f9db413cc67bed avia_animate_when_visible av-icon-style- avia-icon-pos-left avia-iconfont avia-font-entypo-fontello avia-icon-animate'><span class='av-icon-char' data-av_icon='\ue832' data-av_iconfont='entypo-fontello' aria-hidden=\"true\" ><\/span><\/span> <a href=\"https:\/\/www.transports-coue.fr\/fr\/zoom-sur-un-de-nos-remarquables-anthony-chef-de-quai\/\" target=\"_blank\" rel=\"noopener\">Anthony, chef de quai<\/a><\/div>\n<div data-offset-key=\"5j35h-0-0\">\n<style type=\"text\/css\" data-created_by=\"avia_inline_auto\" id=\"style-css-av-awyvv-8ecad5ed380d7e09279f2658b5957f94\">\n#top .hr.hr-invisible.av-awyvv-8ecad5ed380d7e09279f2658b5957f94{\nheight:10px;\n}\n<\/style>\n<div  class='hr av-awyvv-8ecad5ed380d7e09279f2658b5957f94 hr-invisible  avia-builder-el-5  el_after_av_font_icon  el_before_av_font_icon '><span class='hr-inner '><span class=\"hr-inner-style\"><\/span><\/span><\/div><\/div>\n<div data-offset-key=\"5j35h-0-0\">\n<style type=\"text\/css\" data-created_by=\"avia_inline_auto\" id=\"style-css-av-4lnqq3-e0be683ffbafad7454f9db413cc67bed\">\n.av_font_icon.av-4lnqq3-e0be683ffbafad7454f9db413cc67bed{\ncolor:#a81010;\nborder-color:#a81010;\n}\n.avia-svg-icon.av-4lnqq3-e0be683ffbafad7454f9db413cc67bed svg:first-child{\nstroke:#a81010;\nfill:#a81010;\n}\n.av_font_icon.av-4lnqq3-e0be683ffbafad7454f9db413cc67bed .av-icon-char{\nfont-size:30px;\nline-height:30px;\n}\n<\/style>\n<span  class='av_font_icon av-4lnqq3-e0be683ffbafad7454f9db413cc67bed avia_animate_when_visible av-icon-style- avia-icon-pos-left avia-iconfont avia-font-entypo-fontello avia-icon-animate'><span class='av-icon-char' data-av_icon='\ue832' data-av_iconfont='entypo-fontello' aria-hidden=\"true\" ><\/span><\/span> <a href=\"https:\/\/www.transports-coue.fr\/fr\/zoom-sur-une-de-nos-remarquables-charlene-assistante-exploitation\/\" target=\"_blank\" rel=\"noopener\">Charl\u00e8ne, assistante exploitation<\/a><\/div>\n<div data-offset-key=\"5j35h-0-0\">\n<div data-offset-key=\"5j35h-0-0\">\n<style type=\"text\/css\" data-created_by=\"avia_inline_auto\" id=\"style-css-av-awyvv-8ecad5ed380d7e09279f2658b5957f94\">\n#top .hr.hr-invisible.av-awyvv-8ecad5ed380d7e09279f2658b5957f94{\nheight:10px;\n}\n<\/style>\n<div  class='hr av-awyvv-8ecad5ed380d7e09279f2658b5957f94 hr-invisible  avia-builder-el-7  el_after_av_font_icon  el_before_av_font_icon '><span class='hr-inner '><span class=\"hr-inner-style\"><\/span><\/span><\/div><\/div>\n<div data-offset-key=\"5j35h-0-0\">\n<style type=\"text\/css\" data-created_by=\"avia_inline_auto\" id=\"style-css-av-4lnqq3-e0be683ffbafad7454f9db413cc67bed\">\n.av_font_icon.av-4lnqq3-e0be683ffbafad7454f9db413cc67bed{\ncolor:#a81010;\nborder-color:#a81010;\n}\n.avia-svg-icon.av-4lnqq3-e0be683ffbafad7454f9db413cc67bed svg:first-child{\nstroke:#a81010;\nfill:#a81010;\n}\n.av_font_icon.av-4lnqq3-e0be683ffbafad7454f9db413cc67bed .av-icon-char{\nfont-size:30px;\nline-height:30px;\n}\n<\/style>\n<span  class='av_font_icon av-4lnqq3-e0be683ffbafad7454f9db413cc67bed avia_animate_when_visible av-icon-style- avia-icon-pos-left avia-iconfont avia-font-entypo-fontello avia-icon-animate'><span class='av-icon-char' data-av_icon='\ue832' data-av_iconfont='entypo-fontello' aria-hidden=\"true\" ><\/span><\/span> <a href=\"https:\/\/www.transports-coue.fr\/fr\/zoom-sur-un-de-nos-remarquables-alexandre-preparateur-de-commandes\/\" target=\"_blank\" rel=\"noopener\">Alexandre, pr\u00e9parateur de commande<\/a><\/div>\n<div data-offset-key=\"5j35h-0-0\">\n<div data-offset-key=\"5j35h-0-0\">\n<style type=\"text\/css\" data-created_by=\"avia_inline_auto\" id=\"style-css-av-awyvv-8ecad5ed380d7e09279f2658b5957f94\">\n#top .hr.hr-invisible.av-awyvv-8ecad5ed380d7e09279f2658b5957f94{\nheight:10px;\n}\n<\/style>\n<div  class='hr av-awyvv-8ecad5ed380d7e09279f2658b5957f94 hr-invisible  avia-builder-el-9  el_after_av_font_icon  el_before_av_font_icon '><span class='hr-inner '><span class=\"hr-inner-style\"><\/span><\/span><\/div><\/div>\n<div data-offset-key=\"5j35h-0-0\">\n<style type=\"text\/css\" data-created_by=\"avia_inline_auto\" id=\"style-css-av-4lnqq3-e0be683ffbafad7454f9db413cc67bed\">\n.av_font_icon.av-4lnqq3-e0be683ffbafad7454f9db413cc67bed{\ncolor:#a81010;\nborder-color:#a81010;\n}\n.avia-svg-icon.av-4lnqq3-e0be683ffbafad7454f9db413cc67bed svg:first-child{\nstroke:#a81010;\nfill:#a81010;\n}\n.av_font_icon.av-4lnqq3-e0be683ffbafad7454f9db413cc67bed .av-icon-char{\nfont-size:30px;\nline-height:30px;\n}\n<\/style>\n<span  class='av_font_icon av-4lnqq3-e0be683ffbafad7454f9db413cc67bed avia_animate_when_visible av-icon-style- avia-icon-pos-left avia-iconfont avia-font-entypo-fontello avia-icon-animate'><span class='av-icon-char' data-av_icon='\ue832' data-av_iconfont='entypo-fontello' aria-hidden=\"true\" ><\/span><\/span> <a href=\"https:\/\/www.transports-coue.fr\/fr\/zoom-sur-un-de-nos-remarquables-aurelien-conducteur\/\" target=\"_blank\" rel=\"noopener\">Aur\u00e9lien, conducteur routier<\/a><\/div>\n<\/div>\n<div data-offset-key=\"5j35h-0-0\">\n<div data-offset-key=\"5j35h-0-0\">\n<div data-offset-key=\"5j35h-0-0\">\n<style type=\"text\/css\" data-created_by=\"avia_inline_auto\" id=\"style-css-av-awyvv-8ecad5ed380d7e09279f2658b5957f94\">\n#top .hr.hr-invisible.av-awyvv-8ecad5ed380d7e09279f2658b5957f94{\nheight:10px;\n}\n<\/style>\n<div  class='hr av-awyvv-8ecad5ed380d7e09279f2658b5957f94 hr-invisible  avia-builder-el-11  el_after_av_font_icon  el_before_av_font_icon '><span class='hr-inner '><span class=\"hr-inner-style\"><\/span><\/span><\/div><\/div>\n<div data-offset-key=\"5j35h-0-0\">\n<style type=\"text\/css\" data-created_by=\"avia_inline_auto\" id=\"style-css-av-4lnqq3-e0be683ffbafad7454f9db413cc67bed\">\n.av_font_icon.av-4lnqq3-e0be683ffbafad7454f9db413cc67bed{\ncolor:#a81010;\nborder-color:#a81010;\n}\n.avia-svg-icon.av-4lnqq3-e0be683ffbafad7454f9db413cc67bed svg:first-child{\nstroke:#a81010;\nfill:#a81010;\n}\n.av_font_icon.av-4lnqq3-e0be683ffbafad7454f9db413cc67bed .av-icon-char{\nfont-size:30px;\nline-height:30px;\n}\n<\/style>\n<span  class='av_font_icon av-4lnqq3-e0be683ffbafad7454f9db413cc67bed avia_animate_when_visible av-icon-style- avia-icon-pos-left avia-iconfont avia-font-entypo-fontello avia-icon-animate'><span class='av-icon-char' data-av_icon='\ue832' data-av_iconfont='entypo-fontello' aria-hidden=\"true\" ><\/span><\/span> <a href=\"https:\/\/www.transports-coue.fr\/fr\/zoom-sur-un-de-nos-remarquables-philippe-exploitant-transport\/\" target=\"_blank\" rel=\"noopener\">Philippe, exploitant transport<\/a><\/div>\n<div data-offset-key=\"5j35h-0-0\">\n<div data-offset-key=\"5j35h-0-0\">\n<style type=\"text\/css\" data-created_by=\"avia_inline_auto\" id=\"style-css-av-awyvv-8ecad5ed380d7e09279f2658b5957f94\">\n#top .hr.hr-invisible.av-awyvv-8ecad5ed380d7e09279f2658b5957f94{\nheight:10px;\n}\n<\/style>\n<div  class='hr av-awyvv-8ecad5ed380d7e09279f2658b5957f94 hr-invisible  avia-builder-el-13  el_after_av_font_icon  el_before_av_font_icon '><span class='hr-inner '><span class=\"hr-inner-style\"><\/span><\/span><\/div><\/div>\n<div data-offset-key=\"5j35h-0-0\">\n<style type=\"text\/css\" data-created_by=\"avia_inline_auto\" id=\"style-css-av-4lnqq3-e0be683ffbafad7454f9db413cc67bed\">\n.av_font_icon.av-4lnqq3-e0be683ffbafad7454f9db413cc67bed{\ncolor:#a81010;\nborder-color:#a81010;\n}\n.avia-svg-icon.av-4lnqq3-e0be683ffbafad7454f9db413cc67bed svg:first-child{\nstroke:#a81010;\nfill:#a81010;\n}\n.av_font_icon.av-4lnqq3-e0be683ffbafad7454f9db413cc67bed .av-icon-char{\nfont-size:30px;\nline-height:30px;\n}\n<\/style>\n<span  class='av_font_icon av-4lnqq3-e0be683ffbafad7454f9db413cc67bed avia_animate_when_visible av-icon-style- avia-icon-pos-left avia-iconfont avia-font-entypo-fontello avia-icon-animate'><span class='av-icon-char' data-av_icon='\ue832' data-av_iconfont='entypo-fontello' aria-hidden=\"true\" ><\/span><\/span> <a href=\"https:\/\/www.transports-coue.fr\/fr\/zoom-sur-une-de-nos-remarquables-amelyne-responsable-facturation\/\" target=\"_blank\" rel=\"noopener\">Amelyne, responsable facturation<\/a><\/div>\n<div data-offset-key=\"5j35h-0-0\">\n<div data-offset-key=\"5j35h-0-0\">\n<style type=\"text\/css\" data-created_by=\"avia_inline_auto\" id=\"style-css-av-awyvv-8ecad5ed380d7e09279f2658b5957f94\">\n#top .hr.hr-invisible.av-awyvv-8ecad5ed380d7e09279f2658b5957f94{\nheight:10px;\n}\n<\/style>\n<div  class='hr av-awyvv-8ecad5ed380d7e09279f2658b5957f94 hr-invisible  avia-builder-el-15  el_after_av_font_icon  el_before_av_font_icon '><span class='hr-inner '><span class=\"hr-inner-style\"><\/span><\/span><\/div><\/div>\n<div data-offset-key=\"5j35h-0-0\">\n<style type=\"text\/css\" data-created_by=\"avia_inline_auto\" id=\"style-css-av-4lnqq3-e0be683ffbafad7454f9db413cc67bed\">\n.av_font_icon.av-4lnqq3-e0be683ffbafad7454f9db413cc67bed{\ncolor:#a81010;\nborder-color:#a81010;\n}\n.avia-svg-icon.av-4lnqq3-e0be683ffbafad7454f9db413cc67bed svg:first-child{\nstroke:#a81010;\nfill:#a81010;\n}\n.av_font_icon.av-4lnqq3-e0be683ffbafad7454f9db413cc67bed .av-icon-char{\nfont-size:30px;\nline-height:30px;\n}\n<\/style>\n<span  class='av_font_icon av-4lnqq3-e0be683ffbafad7454f9db413cc67bed avia_animate_when_visible av-icon-style- avia-icon-pos-left avia-iconfont avia-font-entypo-fontello avia-icon-animate'><span class='av-icon-char' data-av_icon='\ue832' data-av_iconfont='entypo-fontello' aria-hidden=\"true\" ><\/span><\/span> <a href=\"https:\/\/www.transports-coue.fr\/fr\/zoom-sur-une-de-nos-remarquables-nicolas-chef-atelier\/\" target=\"_blank\" rel=\"noopener\">Nicolas, chef atelier<\/a><\/div>\n<\/div>\n<\/div>\n<\/div>\n<\/div>\n<\/div>\n<\/blockquote>\n<\/div>\n<div data-offset-key=\"5ub4d-0-0\">\u00a0<\/div>\n<\/div>\n<\/div>\n<\/div>\n<\/div>\n<div data-offset-key=\"5ub4d-0-0\">\n<div data-offset-key=\"5j35h-0-0\">\u00a0<\/div>\n<\/div>\n<div data-offset-key=\"5ub4d-0-0\">\u00a0<\/div>\n<blockquote>\n<div data-offset-key=\"5j35h-0-0\"><strong>Nos vid\u00e9os \u00ab\u00a0Les Mayennais sont remarquables\u00a0\u00bb\u00a0<\/strong><\/div>\n<div data-offset-key=\"5j35h-0-0\">\n<style type=\"text\/css\" data-created_by=\"avia_inline_auto\" id=\"style-css-av-8thpez-e0bf4a05b85ff03080450ce91bf1c8f1\">\n#top .hr.hr-invisible.av-8thpez-e0bf4a05b85ff03080450ce91bf1c8f1{\nheight:10px;\n}\n<\/style>\n<div  class='hr av-8thpez-e0bf4a05b85ff03080450ce91bf1c8f1 hr-invisible  avia-builder-el-17  el_after_av_font_icon  el_before_av_font_icon '><span class='hr-inner '><span class=\"hr-inner-style\"><\/span><\/span><\/div><\/div>\n<div data-offset-key=\"5j35h-0-0\">\n<style type=\"text\/css\" data-created_by=\"avia_inline_auto\" id=\"style-css-av-7zalm3-e730d27b12bcf471303269af9e6bd6aa\">\n.av_font_icon.av-7zalm3-e730d27b12bcf471303269af9e6bd6aa .av-icon-char{\nfont-size:30px;\nline-height:30px;\n}\n<\/style>\n<span  class='av_font_icon av-7zalm3-e730d27b12bcf471303269af9e6bd6aa avia_animate_when_visible av-icon-style- avia-icon-pos-left avia-iconfont avia-font-entypo-fontello av-no-color avia-icon-animate'><span class='av-icon-char' data-av_icon='\ue832' data-av_iconfont='entypo-fontello' aria-hidden=\"true\" ><\/span><\/span> Petit teasing le 20\/11\/2020 avant le lancement : <a href=\"https:\/\/youtu.be\/YhGN2LsLEtk\" target=\"_blank\" rel=\"noopener noreferrer\">https:\/\/youtu.be\/YhGN2LsLEtk<\/a><\/div>\n<div data-offset-key=\"5j35h-0-0\"><span style=\"font-size: inherit;\">\n<style type=\"text\/css\" data-created_by=\"avia_inline_auto\" id=\"style-css-av-6lzhaj-ec7c0ef45cab5457112bb89cc07df7b2\">\n#top .hr.hr-invisible.av-6lzhaj-ec7c0ef45cab5457112bb89cc07df7b2{\nheight:10px;\n}\n<\/style>\n<div  class='hr av-6lzhaj-ec7c0ef45cab5457112bb89cc07df7b2 hr-invisible  avia-builder-el-19  el_after_av_font_icon  el_before_av_font_icon '><span class='hr-inner '><span class=\"hr-inner-style\"><\/span><\/span><\/div><\/span><\/div>\n<div data-offset-key=\"5j35h-0-0\">\n<style type=\"text\/css\" data-created_by=\"avia_inline_auto\" id=\"style-css-av-4lnqq3-f8b143dca2fd8ac37223474d5cf1b4a4\">\n.av_font_icon.av-4lnqq3-f8b143dca2fd8ac37223474d5cf1b4a4 .av-icon-char{\nfont-size:30px;\nline-height:30px;\n}\n<\/style>\n<span  class='av_font_icon av-4lnqq3-f8b143dca2fd8ac37223474d5cf1b4a4 avia_animate_when_visible av-icon-style- avia-icon-pos-left avia-iconfont avia-font-entypo-fontello av-no-color avia-icon-animate'><span class='av-icon-char' data-av_icon='\ue832' data-av_iconfont='entypo-fontello' aria-hidden=\"true\" ><\/span><\/span> La vid\u00e9o du lancement de notre projet le 04\/12\/2020 : <a href=\"https:\/\/youtu.be\/wtbLGQSoKaI\" target=\"_blank\" rel=\"noopener noreferrer\">https:\/\/youtu.be\/wtbLGQSoKaI<\/a><\/div>\n<div data-offset-key=\"5j35h-0-0\">\n<style type=\"text\/css\" data-created_by=\"avia_inline_auto\" id=\"style-css-av-awyvv-8ecad5ed380d7e09279f2658b5957f94\">\n#top .hr.hr-invisible.av-awyvv-8ecad5ed380d7e09279f2658b5957f94{\nheight:10px;\n}\n<\/style>\n<div  class='hr av-awyvv-8ecad5ed380d7e09279f2658b5957f94 hr-invisible  avia-builder-el-21  el_after_av_font_icon  avia-builder-el-last '><span class='hr-inner '><span class=\"hr-inner-style\"><\/span><\/span><\/div><\/div>\n<\/blockquote>\n\n\n<p><\/p>\n","protected":false},"excerpt":{"rendered":"<p>\u2728 ZOOM sur un de nos reMarquables ! La s\u00e9rie sur nos reMarquables, figurant sur nos nouvelles b\u00e2ches semi-remorques \ud83d\ude9b, continue avec la pr\u00e9sentation de Laurent arriv\u00e9 chez les Transports Cou\u00e9 il y a 10 ans. Laurent a commenc\u00e9 \u00e0 faire \u00ab\u00a0ses armes\u00a0\u00bb en tant que Conducteur puis a eu l&rsquo;opportunit\u00e9 d&rsquo;\u00e9voluer au poste d&rsquo;Exploitant [&hellip;]<\/p>\n","protected":false},"author":2,"featured_media":5897,"comment_status":"closed","ping_status":"open","sticky":false,"template":"","format":"standard","meta":{"om_disable_all_campaigns":false,"_monsterinsights_skip_tracking":false,"_monsterinsights_sitenote_active":false,"_monsterinsights_sitenote_note":"","_monsterinsights_sitenote_category":0,"footnotes":""},"categories":[4,6],"tags":[],"class_list":["post-5862","post","type-post","status-publish","format-standard","has-post-thumbnail","hentry","category-actualites","category-evenements"],"aioseo_notices":[],"_links":{"self":[{"href":"https:\/\/www.transports-coue.fr\/fr\/wp-json\/wp\/v2\/posts\/5862","targetHints":{"allow":["GET"]}}],"collection":[{"href":"https:\/\/www.transports-coue.fr\/fr\/wp-json\/wp\/v2\/posts"}],"about":[{"href":"https:\/\/www.transports-coue.fr\/fr\/wp-json\/wp\/v2\/types\/post"}],"author":[{"embeddable":true,"href":"https:\/\/www.transports-coue.fr\/fr\/wp-json\/wp\/v2\/users\/2"}],"replies":[{"embeddable":true,"href":"https:\/\/www.transports-coue.fr\/fr\/wp-json\/wp\/v2\/comments?post=5862"}],"version-history":[{"count":23,"href":"https:\/\/www.transports-coue.fr\/fr\/wp-json\/wp\/v2\/posts\/5862\/revisions"}],"predecessor-version":[{"id":6974,"href":"https:\/\/www.transports-coue.fr\/fr\/wp-json\/wp\/v2\/posts\/5862\/revisions\/6974"}],"wp:featuredmedia":[{"embeddable":true,"href":"https:\/\/www.transports-coue.fr\/fr\/wp-json\/wp\/v2\/media\/5897"}],"wp:attachment":[{"href":"https:\/\/www.transports-coue.fr\/fr\/wp-json\/wp\/v2\/media?parent=5862"}],"wp:term":[{"taxonomy":"category","embeddable":true,"href":"https:\/\/www.transports-coue.fr\/fr\/wp-json\/wp\/v2\/categories?post=5862"},{"taxonomy":"post_tag","embeddable":true,"href":"https:\/\/www.transports-coue.fr\/fr\/wp-json\/wp\/v2\/tags?post=5862"}],"curies":[{"name":"wp","href":"https:\/\/api.w.org\/{rel}","templated":true}]}}