{"id":5832,"date":"2021-07-23T17:23:11","date_gmt":"2021-07-23T15:23:11","guid":{"rendered":"https:\/\/www.transports-coue.fr\/?p=5832"},"modified":"2021-08-06T10:37:52","modified_gmt":"2021-08-06T08:37:52","slug":"reprise-des-trails-pour-le-plus-grand-bonheur-de-frederic-serre","status":"publish","type":"post","link":"https:\/\/www.transports-coue.fr\/fr\/reprise-des-trails-pour-le-plus-grand-bonheur-de-frederic-serre\/","title":{"rendered":"Reprise des trails pour le plus grand Bonheur de Fr\u00e9d\u00e9ric Serre !"},"content":{"rendered":"<p>Enfin la reprise des Trails \ud83c\udfc3 !!<\/p>\n<p>Fr\u00e9d\u00e9ric Serre, notre Responsable Agence de l&rsquo;Est, a r\u00e9alis\u00e9 celui du pays Welche en Alsace ce Samedi 17 juillet : \u303d\ufe0f54 kms et 2300 D+ !<br>\u00ab\u00a0Un peu laborieux en raison de la chaleur \ud83e\udd75 et du stress , c&rsquo;\u00e9tait ma 1\u00e8re course depuis longtemps, mais quel plaisir de porter \u00e0 nouveau un dossard !!\u00a0\u00bb dixit Fred<\/p>\n<p>Pour rappel, Fred se pr\u00e9pare pour l&rsquo;Ultratrail la <a href=\"https:\/\/www.grandraid-reunion.com\/francais\/\" target=\"_blank\" rel=\"noopener\">Diagonale des Fous<\/a> qui aura lieu du 21 au 24 octobre 2021 ! En raison de l&rsquo;\u00e9pid\u00e9mie qui s\u00e9vit depuis plus d&rsquo;un an, les conditions physiques et mentales des sportifs sont mises \u00e0 rudes \u00e9preuves.<\/p>\n<p>\ud83d\udc4fBravo Fred pour cette belle motivation !<\/p>\n<p>A voir les \u00e9pisodes pr\u00e9c\u00e9dents :<\/p>\n<p><a href=\"https:\/\/www.transports-coue.fr\/fr\/frederic-serre-continue-sa-preparation-pour-la-diagonale-des-fous\/\" target=\"_blank\" rel=\"noopener\">https:\/\/www.transports-coue.fr\/fr\/frederic-serre-continue-sa-preparation-pour-la-diagonale-des-fous\/<\/a><br><a href=\"https:\/\/www.transports-coue.fr\/fr\/frederic-serre-a-la-reunion-pour-se-preparer-a-la-diagonale-des-fous-2021\/\" target=\"_blank\" rel=\"noopener\">https:\/\/www.transports-coue.fr\/fr\/frederic-serre-a-la-reunion-pour-se-preparer-a-la-diagonale-des-fous-2021\/<\/a><br><a href=\"https:\/\/www.transports-coue.fr\/fr\/la-diagonale-des-fous-est-annulee\/\" target=\"_blank\" rel=\"noopener\">https:\/\/www.transports-coue.fr\/fr\/la-diagonale-des-fous-est-annulee\/<\/a><br><a href=\"https:\/\/www.transports-coue.fr\/fr\/story-fred-la-diagonale-des-fous-episode-3\/\" target=\"_blank\" rel=\"noopener\">https:\/\/www.transports-coue.fr\/fr\/story-fred-la-diagonale-des-fous-episode-3\/<\/a><br><a href=\"https:\/\/www.transports-coue.fr\/fr\/frederic-serre-a-realise-son-2eme-trail-pour-se-preparer-a-la-diagonale-des-fous\/\" target=\"_blank\" rel=\"noopener\">https:\/\/www.transports-coue.fr\/fr\/frederic-serre-a-realise-son-2eme-trail-pour-se-preparer-a-la-diagonale-des-fous\/<\/a><br><a href=\"https:\/\/www.transports-coue.fr\/fr\/responsable-transports-coue-a-balgau-frederic-serre-se-prepare-pour-la-diagonale-des-fous\/\" target=\"_blank\" rel=\"noopener\">https:\/\/www.transports-coue.fr\/fr\/responsable-transports-coue-a-balgau-frederic-serre-se-prepare-pour-la-diagonale-des-fous\/<\/a><\/p>\n<p>#GrandRaidReunion #ultratrail #iledelareunion #diagonalesdesfous #lareunion #trail #trailrunning #happyrunner #reunionisland #grandraid #teamcoue #transport #logistique<\/p>\n<p><img loading=\"lazy\" decoding=\"async\" class=\"wp-image-5842 size-large aligncenter\" src=\"https:\/\/www.transports-coue.fr\/wp-content\/uploads\/2021\/07\/Fred-la-diagonale-des-fous-2-773x1030.jpg\" alt=\"\" width=\"773\" height=\"1030\" srcset=\"https:\/\/www.transports-coue.fr\/wp-content\/uploads\/2021\/07\/Fred-la-diagonale-des-fous-2-773x1030.jpg 773w, https:\/\/www.transports-coue.fr\/wp-content\/uploads\/2021\/07\/Fred-la-diagonale-des-fous-2-225x300.jpg 225w, https:\/\/www.transports-coue.fr\/wp-content\/uploads\/2021\/07\/Fred-la-diagonale-des-fous-2-60x80.jpg 60w, https:\/\/www.transports-coue.fr\/wp-content\/uploads\/2021\/07\/Fred-la-diagonale-des-fous-2-768x1024.jpg 768w, https:\/\/www.transports-coue.fr\/wp-content\/uploads\/2021\/07\/Fred-la-diagonale-des-fous-2-1152x1536.jpg 1152w, https:\/\/www.transports-coue.fr\/wp-content\/uploads\/2021\/07\/Fred-la-diagonale-des-fous-2-1125x1500.jpg 1125w, https:\/\/www.transports-coue.fr\/wp-content\/uploads\/2021\/07\/Fred-la-diagonale-des-fous-2-529x705.jpg 529w, https:\/\/www.transports-coue.fr\/wp-content\/uploads\/2021\/07\/Fred-la-diagonale-des-fous-2.jpg 1200w\" sizes=\"auto, (max-width: 773px) 100vw, 773px\" \/> <img loading=\"lazy\" decoding=\"async\" class=\"wp-image-5844 size-large aligncenter\" src=\"https:\/\/www.transports-coue.fr\/wp-content\/uploads\/2021\/07\/Fred-la-diagonale-des-fous-3-1030x773.jpg\" alt=\"\" width=\"1030\" height=\"773\" srcset=\"https:\/\/www.transports-coue.fr\/wp-content\/uploads\/2021\/07\/Fred-la-diagonale-des-fous-3-1030x773.jpg 1030w, https:\/\/www.transports-coue.fr\/wp-content\/uploads\/2021\/07\/Fred-la-diagonale-des-fous-3-300x225.jpg 300w, https:\/\/www.transports-coue.fr\/wp-content\/uploads\/2021\/07\/Fred-la-diagonale-des-fous-3-80x60.jpg 80w, https:\/\/www.transports-coue.fr\/wp-content\/uploads\/2021\/07\/Fred-la-diagonale-des-fous-3-768x576.jpg 768w, https:\/\/www.transports-coue.fr\/wp-content\/uploads\/2021\/07\/Fred-la-diagonale-des-fous-3-1536x1152.jpg 1536w, https:\/\/www.transports-coue.fr\/wp-content\/uploads\/2021\/07\/Fred-la-diagonale-des-fous-3-1500x1125.jpg 1500w, https:\/\/www.transports-coue.fr\/wp-content\/uploads\/2021\/07\/Fred-la-diagonale-des-fous-3-705x529.jpg 705w, https:\/\/www.transports-coue.fr\/wp-content\/uploads\/2021\/07\/Fred-la-diagonale-des-fous-3.jpg 1600w\" sizes=\"auto, (max-width: 1030px) 100vw, 1030px\" \/> <img loading=\"lazy\" decoding=\"async\" class=\"wp-image-5840 size-large aligncenter\" src=\"https:\/\/www.transports-coue.fr\/wp-content\/uploads\/2021\/07\/Fred-la-diagonale-des-fous-1-773x1030.jpg\" alt=\"\" width=\"773\" height=\"1030\" srcset=\"https:\/\/www.transports-coue.fr\/wp-content\/uploads\/2021\/07\/Fred-la-diagonale-des-fous-1-773x1030.jpg 773w, https:\/\/www.transports-coue.fr\/wp-content\/uploads\/2021\/07\/Fred-la-diagonale-des-fous-1-225x300.jpg 225w, https:\/\/www.transports-coue.fr\/wp-content\/uploads\/2021\/07\/Fred-la-diagonale-des-fous-1-60x80.jpg 60w, https:\/\/www.transports-coue.fr\/wp-content\/uploads\/2021\/07\/Fred-la-diagonale-des-fous-1-768x1024.jpg 768w, https:\/\/www.transports-coue.fr\/wp-content\/uploads\/2021\/07\/Fred-la-diagonale-des-fous-1-1152x1536.jpg 1152w, https:\/\/www.transports-coue.fr\/wp-content\/uploads\/2021\/07\/Fred-la-diagonale-des-fous-1-1125x1500.jpg 1125w, https:\/\/www.transports-coue.fr\/wp-content\/uploads\/2021\/07\/Fred-la-diagonale-des-fous-1-529x705.jpg 529w, https:\/\/www.transports-coue.fr\/wp-content\/uploads\/2021\/07\/Fred-la-diagonale-des-fous-1.jpg 1200w\" sizes=\"auto, (max-width: 773px) 100vw, 773px\" \/> <img loading=\"lazy\" decoding=\"async\" class=\"wp-image-5846 size-large aligncenter\" src=\"https:\/\/www.transports-coue.fr\/wp-content\/uploads\/2021\/07\/Fred-la-diagonale-des-fous-4-1030x773.jpg\" alt=\"\" width=\"1030\" height=\"773\" srcset=\"https:\/\/www.transports-coue.fr\/wp-content\/uploads\/2021\/07\/Fred-la-diagonale-des-fous-4-1030x773.jpg 1030w, https:\/\/www.transports-coue.fr\/wp-content\/uploads\/2021\/07\/Fred-la-diagonale-des-fous-4-300x225.jpg 300w, https:\/\/www.transports-coue.fr\/wp-content\/uploads\/2021\/07\/Fred-la-diagonale-des-fous-4-80x60.jpg 80w, https:\/\/www.transports-coue.fr\/wp-content\/uploads\/2021\/07\/Fred-la-diagonale-des-fous-4-768x576.jpg 768w, https:\/\/www.transports-coue.fr\/wp-content\/uploads\/2021\/07\/Fred-la-diagonale-des-fous-4-1536x1152.jpg 1536w, https:\/\/www.transports-coue.fr\/wp-content\/uploads\/2021\/07\/Fred-la-diagonale-des-fous-4-1500x1125.jpg 1500w, https:\/\/www.transports-coue.fr\/wp-content\/uploads\/2021\/07\/Fred-la-diagonale-des-fous-4-705x529.jpg 705w, https:\/\/www.transports-coue.fr\/wp-content\/uploads\/2021\/07\/Fred-la-diagonale-des-fous-4.jpg 1600w\" sizes=\"auto, (max-width: 1030px) 100vw, 1030px\" \/> <img loading=\"lazy\" decoding=\"async\" class=\"wp-image-5848 size-large aligncenter\" src=\"https:\/\/www.transports-coue.fr\/wp-content\/uploads\/2021\/07\/Fred-la-diagonale-des-fous-5-773x1030.jpg\" alt=\"\" width=\"773\" height=\"1030\" srcset=\"https:\/\/www.transports-coue.fr\/wp-content\/uploads\/2021\/07\/Fred-la-diagonale-des-fous-5-773x1030.jpg 773w, https:\/\/www.transports-coue.fr\/wp-content\/uploads\/2021\/07\/Fred-la-diagonale-des-fous-5-225x300.jpg 225w, https:\/\/www.transports-coue.fr\/wp-content\/uploads\/2021\/07\/Fred-la-diagonale-des-fous-5-60x80.jpg 60w, https:\/\/www.transports-coue.fr\/wp-content\/uploads\/2021\/07\/Fred-la-diagonale-des-fous-5-768x1024.jpg 768w, https:\/\/www.transports-coue.fr\/wp-content\/uploads\/2021\/07\/Fred-la-diagonale-des-fous-5-1152x1536.jpg 1152w, https:\/\/www.transports-coue.fr\/wp-content\/uploads\/2021\/07\/Fred-la-diagonale-des-fous-5-1125x1500.jpg 1125w, https:\/\/www.transports-coue.fr\/wp-content\/uploads\/2021\/07\/Fred-la-diagonale-des-fous-5-529x705.jpg 529w, https:\/\/www.transports-coue.fr\/wp-content\/uploads\/2021\/07\/Fred-la-diagonale-des-fous-5.jpg 1200w\" sizes=\"auto, (max-width: 773px) 100vw, 773px\" \/><\/p>\n\n\n<p><\/p>\n","protected":false},"excerpt":{"rendered":"<p>Enfin la reprise des Trails \ud83c\udfc3 !! Fr\u00e9d\u00e9ric Serre, notre Responsable Agence de l&rsquo;Est, a r\u00e9alis\u00e9 celui du pays Welche en Alsace ce Samedi 17 juillet : \u303d\ufe0f54 kms et 2300 D+ !\u00ab\u00a0Un peu laborieux en raison de la chaleur \ud83e\udd75 et du stress , c&rsquo;\u00e9tait ma 1\u00e8re course depuis longtemps, mais quel plaisir de [&hellip;]<\/p>\n","protected":false},"author":2,"featured_media":5830,"comment_status":"closed","ping_status":"open","sticky":false,"template":"","format":"standard","meta":{"om_disable_all_campaigns":false,"_monsterinsights_skip_tracking":false,"_monsterinsights_sitenote_active":false,"_monsterinsights_sitenote_note":"","_monsterinsights_sitenote_category":0,"footnotes":""},"categories":[4,6],"tags":[],"class_list":["post-5832","post","type-post","status-publish","format-standard","has-post-thumbnail","hentry","category-actualites","category-evenements"],"aioseo_notices":[],"_links":{"self":[{"href":"https:\/\/www.transports-coue.fr\/fr\/wp-json\/wp\/v2\/posts\/5832","targetHints":{"allow":["GET"]}}],"collection":[{"href":"https:\/\/www.transports-coue.fr\/fr\/wp-json\/wp\/v2\/posts"}],"about":[{"href":"https:\/\/www.transports-coue.fr\/fr\/wp-json\/wp\/v2\/types\/post"}],"author":[{"embeddable":true,"href":"https:\/\/www.transports-coue.fr\/fr\/wp-json\/wp\/v2\/users\/2"}],"replies":[{"embeddable":true,"href":"https:\/\/www.transports-coue.fr\/fr\/wp-json\/wp\/v2\/comments?post=5832"}],"version-history":[{"count":6,"href":"https:\/\/www.transports-coue.fr\/fr\/wp-json\/wp\/v2\/posts\/5832\/revisions"}],"predecessor-version":[{"id":5854,"href":"https:\/\/www.transports-coue.fr\/fr\/wp-json\/wp\/v2\/posts\/5832\/revisions\/5854"}],"wp:featuredmedia":[{"embeddable":true,"href":"https:\/\/www.transports-coue.fr\/fr\/wp-json\/wp\/v2\/media\/5830"}],"wp:attachment":[{"href":"https:\/\/www.transports-coue.fr\/fr\/wp-json\/wp\/v2\/media?parent=5832"}],"wp:term":[{"taxonomy":"category","embeddable":true,"href":"https:\/\/www.transports-coue.fr\/fr\/wp-json\/wp\/v2\/categories?post=5832"},{"taxonomy":"post_tag","embeddable":true,"href":"https:\/\/www.transports-coue.fr\/fr\/wp-json\/wp\/v2\/tags?post=5832"}],"curies":[{"name":"wp","href":"https:\/\/api.w.org\/{rel}","templated":true}]}}