{"id":5576,"date":"2021-06-11T15:53:24","date_gmt":"2021-06-11T13:53:24","guid":{"rendered":"https:\/\/www.transports-coue.fr\/?p=5576"},"modified":"2021-12-03T16:50:08","modified_gmt":"2021-12-03T15:50:08","slug":"zoom-sur-un-de-nos-remarquables-aurelien-conducteur","status":"publish","type":"post","link":"https:\/\/www.transports-coue.fr\/fr\/zoom-sur-un-de-nos-remarquables-aurelien-conducteur\/","title":{"rendered":"Zoom sur un de nos reMarquables : Aur\u00e9lien, conducteur routier"},"content":{"rendered":"<p>\u2728 Zoom sur un de nos reMarquables !<\/p>\n<p>Mise \u00e0 l&rsquo;honneur dans ce zoom d&rsquo;Aur\u00e9lien, Conducteur Routier \ud83d\ude9b, m\u00e9tier mis \u00e0 rude \u00e9preuve depuis plus d&rsquo;un an en raison de la crise sanitaire !<br \/>\nPr\u00e9sent sur une de nos 9 b\u00e2ches \u00ab\u00a0Les Mayennais sont reMarquables\u00a0\u00bb, Aur\u00e9lien nous partage sa belle vision de son m\u00e9tier :<\/p>\n<p>\u00ab\u00a0Apr\u00e8s un stage et l\u2019obtention de mon BAC Pro Conducteur Transport Routier Marchandises, l\u2019entreprise m\u2019a donn\u00e9 ma chance malgr\u00e9 mon jeune \u00e2ge. Depuis plus de 3 ans, j\u2019y suis tr\u00e8s bien int\u00e9gr\u00e9. Il y a une bonne ambiance dans l\u2019\u00e9quipe et j\u2019appr\u00e9cie le c\u00f4t\u00e9 familial de l\u2019entreprise. Exercer le m\u00e9tier de conducteur me pla\u00eet car je suis r\u00e9guli\u00e8rement en contact avec la client\u00e8le, je g\u00e8re mon organisation et je peux \u00eatre ind\u00e9pendant dans mon travail. Le petit plus : on peut profiter de beaux paysages le long des routes ! \ud83d\ude09\u00a0\u00bb<\/p>\n<p>\ud83d\udda5 Notre s\u00e9rie \u2728 \u00ab\u00a0\ud835\udded\ud835\uddfc\ud835\uddfc\ud835\uddfa \ud835\ude00\ud835\ude02\ud835\uddff \ud835\ude02\ud835\uddfb \ud835\uddf1\ud835\uddf2 \ud835\uddfb\ud835\uddfc\ud835\ude00 \ud835\uddff\ud835\uddf2\ud835\udde0\ud835\uddee\ud835\uddff\ud835\uddfe\ud835\ude02\ud835\uddee\ud835\uddef\ud835\uddf9\ud835\uddf2\ud835\ude00 !\u00a0\u00bb fait suite \u00e0 notre communication mettant \u00e0 l&rsquo;honneur nos collaborateurs et leurs fonctions sur 9 b\u00e2ches de nos camions, elle nous permet de continuer \u00e0 mettre en lumi\u00e8re \ud83d\udca5 \ud835\uddfb\ud835\uddfc\ud835\ude00 \ud835\uddf2\u0301\ud835\uddfe\ud835\ude02\ud835\uddf6\ud835\uddfd\ud835\uddf2\ud835\ude00 \ud835\uddf2\ud835\ude01 \ud835\uddfb\ud835\uddfc\ud835\ude00 \ud835\uddfa\ud835\uddf2\u0301\ud835\ude01\ud835\uddf6\ud835\uddf2\ud835\uddff\ud835\ude00 \ud835\uddf1\ud835\ude02 \ud835\udde7\ud835\uddff\ud835\uddee\ud835\uddfb\ud835\ude00\ud835\uddfd\ud835\uddfc\ud835\uddff\ud835\ude01 \ud835\udde5\ud835\uddfc\ud835\ude02\ud835\ude01\ud835\uddf6\ud835\uddf2\ud835\uddff \ud83d\ude9b &amp; \ud835\uddf1\ud835\uddf2 \ud835\uddf9\ud835\uddee \ud835\udddf\ud835\uddfc\ud835\uddf4\ud835\uddf6\ud835\ude00\ud835\ude01\ud835\uddf6\ud835\uddfe\ud835\ude02\ud835\uddf2 \ud83d\udce6 au travers de leurs t\u00e9moignages \ud83d\udcac sur leurs diff\u00e9rentes fonctions au sein des Transports Cou\u00e9.<\/p>\n<p>Merci \u00e0 tous pour votre participation, pour ce temps pris pour nous raconter votre quotidien \ud83d\udcc4 !<\/p>\n<p><a class=\"oajrlxb2 g5ia77u1 qu0x051f esr5mh6w e9989ue4 r7d6kgcz rq0escxv nhd2j8a9 nc684nl6 p7hjln8o kvgmc6g5 cxmmr5t8 oygrvhab hcukyx3x jb3vyjys rz4wbd8a qt6c0cv9 a8nywdso i1ao9s8h esuyzwwr f1sip0of lzcic4wl py34i1dx gpro0wi8\" tabindex=\"0\" role=\"link\" href=\"https:\/\/www.facebook.com\/hashtag\/conducteurroutier?__cft__[0]=AZXJT1S35eB3yZ1oDgVpgoHsXhh7NJpnfD_Bzt2Sr2KQ6DXkhrBeN0LFdAJ2t8hFDjLrj5wIEFGvnRcyS0njrt5ynmgcXmvhe6DdoQvn1EglM-qs0ZuxLjb-kX6Zz1rvwAV-OwXpsykmniRaAmPBYViWwiZVJrBGCzLo6odgOoeCiQ&amp;__tn__=*NK-R\" target=\"_blank\" rel=\"noopener\">#conducteurroutier<\/a> <a class=\"oajrlxb2 g5ia77u1 qu0x051f esr5mh6w e9989ue4 r7d6kgcz rq0escxv nhd2j8a9 nc684nl6 p7hjln8o kvgmc6g5 cxmmr5t8 oygrvhab hcukyx3x jb3vyjys rz4wbd8a qt6c0cv9 a8nywdso i1ao9s8h esuyzwwr f1sip0of lzcic4wl py34i1dx gpro0wi8\" tabindex=\"0\" role=\"link\" href=\"https:\/\/www.facebook.com\/hashtag\/transport?__cft__[0]=AZXJT1S35eB3yZ1oDgVpgoHsXhh7NJpnfD_Bzt2Sr2KQ6DXkhrBeN0LFdAJ2t8hFDjLrj5wIEFGvnRcyS0njrt5ynmgcXmvhe6DdoQvn1EglM-qs0ZuxLjb-kX6Zz1rvwAV-OwXpsykmniRaAmPBYViWwiZVJrBGCzLo6odgOoeCiQ&amp;__tn__=*NK-R\" target=\"_blank\" rel=\"noopener\">#transport<\/a> <a class=\"oajrlxb2 g5ia77u1 qu0x051f esr5mh6w e9989ue4 r7d6kgcz rq0escxv nhd2j8a9 nc684nl6 p7hjln8o kvgmc6g5 cxmmr5t8 oygrvhab hcukyx3x jb3vyjys rz4wbd8a qt6c0cv9 a8nywdso i1ao9s8h esuyzwwr f1sip0of lzcic4wl py34i1dx gpro0wi8\" tabindex=\"0\" role=\"link\" href=\"https:\/\/www.facebook.com\/hashtag\/logistique?__cft__[0]=AZXJT1S35eB3yZ1oDgVpgoHsXhh7NJpnfD_Bzt2Sr2KQ6DXkhrBeN0LFdAJ2t8hFDjLrj5wIEFGvnRcyS0njrt5ynmgcXmvhe6DdoQvn1EglM-qs0ZuxLjb-kX6Zz1rvwAV-OwXpsykmniRaAmPBYViWwiZVJrBGCzLo6odgOoeCiQ&amp;__tn__=*NK-R\" target=\"_blank\" rel=\"noopener\">#logistique<\/a> <a class=\"oajrlxb2 g5ia77u1 qu0x051f esr5mh6w e9989ue4 r7d6kgcz rq0escxv nhd2j8a9 nc684nl6 p7hjln8o kvgmc6g5 cxmmr5t8 oygrvhab hcukyx3x jb3vyjys rz4wbd8a qt6c0cv9 a8nywdso i1ao9s8h esuyzwwr f1sip0of lzcic4wl py34i1dx gpro0wi8\" tabindex=\"0\" role=\"link\" href=\"https:\/\/www.facebook.com\/hashtag\/mayenne?__cft__[0]=AZXJT1S35eB3yZ1oDgVpgoHsXhh7NJpnfD_Bzt2Sr2KQ6DXkhrBeN0LFdAJ2t8hFDjLrj5wIEFGvnRcyS0njrt5ynmgcXmvhe6DdoQvn1EglM-qs0ZuxLjb-kX6Zz1rvwAV-OwXpsykmniRaAmPBYViWwiZVJrBGCzLo6odgOoeCiQ&amp;__tn__=*NK-R\" target=\"_blank\" rel=\"noopener\">#mayenne<\/a> <a class=\"oajrlxb2 g5ia77u1 qu0x051f esr5mh6w e9989ue4 r7d6kgcz rq0escxv nhd2j8a9 nc684nl6 p7hjln8o kvgmc6g5 cxmmr5t8 oygrvhab hcukyx3x jb3vyjys rz4wbd8a qt6c0cv9 a8nywdso i1ao9s8h esuyzwwr f1sip0of lzcic4wl py34i1dx gpro0wi8\" tabindex=\"0\" role=\"link\" href=\"https:\/\/www.facebook.com\/hashtag\/fiersdenosm%C3%A9tiers?__cft__[0]=AZXJT1S35eB3yZ1oDgVpgoHsXhh7NJpnfD_Bzt2Sr2KQ6DXkhrBeN0LFdAJ2t8hFDjLrj5wIEFGvnRcyS0njrt5ynmgcXmvhe6DdoQvn1EglM-qs0ZuxLjb-kX6Zz1rvwAV-OwXpsykmniRaAmPBYViWwiZVJrBGCzLo6odgOoeCiQ&amp;__tn__=*NK-R\" target=\"_blank\" rel=\"noopener\">#fiersdenosm\u00e9tiers<\/a><\/p>\n<div class=\"\" data-block=\"true\" data-editor=\"7r5kh\" data-offset-key=\"fn71-0-0\">\n<div data-offset-key=\"fn71-0-0\">\n<div class=\"\" data-block=\"true\" data-editor=\"ai3kp\" data-offset-key=\"5ub4d-0-0\">\n<div data-offset-key=\"5ub4d-0-0\">\n\n<style type=\"text\/css\" data-created_by=\"avia_inline_auto\" id=\"style-css-av-4r8sdn-a4d1580a5b38400c20619e71e8644237\">\n#top .hr.hr-invisible.av-4r8sdn-a4d1580a5b38400c20619e71e8644237{\nheight:20px;\n}\n<\/style>\n<div  class='hr av-4r8sdn-a4d1580a5b38400c20619e71e8644237 hr-invisible  avia-builder-el-0  el_before_av_hr  avia-builder-el-first '><span class='hr-inner '><span class=\"hr-inner-style\"><\/span><\/span><\/div>\n<\/div>\n<\/div>\n<\/div>\n<\/div>\n<div data-offset-key=\"5ub4d-0-0\">\n<blockquote>\n<div data-offset-key=\"5j35h-0-0\"><strong>Notre s\u00e9rie \u00ab\u00a0ZOOM sur un de nos reMarquables !\u00a0\u00bb<\/strong><\/div>\n<div data-offset-key=\"5j35h-0-0\">Retrouvez le t\u00e9moignage de tous nos reMarquables :<\/div>\n<div data-offset-key=\"5j35h-0-0\">\n<style type=\"text\/css\" data-created_by=\"avia_inline_auto\" id=\"style-css-av-8thpez-e0bf4a05b85ff03080450ce91bf1c8f1\">\n#top .hr.hr-invisible.av-8thpez-e0bf4a05b85ff03080450ce91bf1c8f1{\nheight:10px;\n}\n<\/style>\n<div  class='hr av-8thpez-e0bf4a05b85ff03080450ce91bf1c8f1 hr-invisible  avia-builder-el-1  el_after_av_hr  el_before_av_font_icon '><span class='hr-inner '><span class=\"hr-inner-style\"><\/span><\/span><\/div><\/div>\n<div data-offset-key=\"5j35h-0-0\">\n<style type=\"text\/css\" data-created_by=\"avia_inline_auto\" id=\"style-css-av-7zalm3-4372cf8886a7efdb3fa8b8f75d5d7747\">\n.av_font_icon.av-7zalm3-4372cf8886a7efdb3fa8b8f75d5d7747{\ncolor:#a81010;\nborder-color:#a81010;\n}\n.avia-svg-icon.av-7zalm3-4372cf8886a7efdb3fa8b8f75d5d7747 svg:first-child{\nstroke:#a81010;\nfill:#a81010;\n}\n.av_font_icon.av-7zalm3-4372cf8886a7efdb3fa8b8f75d5d7747 .av-icon-char{\nfont-size:30px;\nline-height:30px;\n}\n<\/style>\n<span  class='av_font_icon av-7zalm3-4372cf8886a7efdb3fa8b8f75d5d7747 avia_animate_when_visible av-icon-style- avia-icon-pos-left avia-iconfont avia-font-entypo-fontello avia-icon-animate'><span class='av-icon-char' data-av_icon='\ue832' data-av_iconfont='entypo-fontello' aria-hidden=\"true\" ><\/span><\/span> <a href=\"https:\/\/www.transports-coue.fr\/fr\/zoom-sur-un-de-nos-remarquables-david-exploitant-transport\/\" target=\"_blank\" rel=\"noopener\">David, exploitant transport<\/a><\/div>\n<div data-offset-key=\"5j35h-0-0\"><span style=\"font-size: inherit;\">\n<style type=\"text\/css\" data-created_by=\"avia_inline_auto\" id=\"style-css-av-6lzhaj-ec7c0ef45cab5457112bb89cc07df7b2\">\n#top .hr.hr-invisible.av-6lzhaj-ec7c0ef45cab5457112bb89cc07df7b2{\nheight:10px;\n}\n<\/style>\n<div  class='hr av-6lzhaj-ec7c0ef45cab5457112bb89cc07df7b2 hr-invisible  avia-builder-el-3  el_after_av_font_icon  el_before_av_font_icon '><span class='hr-inner '><span class=\"hr-inner-style\"><\/span><\/span><\/div><\/span><\/div>\n<div data-offset-key=\"5j35h-0-0\">\n<style type=\"text\/css\" data-created_by=\"avia_inline_auto\" id=\"style-css-av-4lnqq3-e0be683ffbafad7454f9db413cc67bed\">\n.av_font_icon.av-4lnqq3-e0be683ffbafad7454f9db413cc67bed{\ncolor:#a81010;\nborder-color:#a81010;\n}\n.avia-svg-icon.av-4lnqq3-e0be683ffbafad7454f9db413cc67bed svg:first-child{\nstroke:#a81010;\nfill:#a81010;\n}\n.av_font_icon.av-4lnqq3-e0be683ffbafad7454f9db413cc67bed .av-icon-char{\nfont-size:30px;\nline-height:30px;\n}\n<\/style>\n<span  class='av_font_icon av-4lnqq3-e0be683ffbafad7454f9db413cc67bed avia_animate_when_visible av-icon-style- avia-icon-pos-left avia-iconfont avia-font-entypo-fontello avia-icon-animate'><span class='av-icon-char' data-av_icon='\ue832' data-av_iconfont='entypo-fontello' aria-hidden=\"true\" ><\/span><\/span> <a href=\"https:\/\/www.transports-coue.fr\/fr\/zoom-sur-un-de-nos-remarquables-anthony-chef-de-quai\/\" target=\"_blank\" rel=\"noopener\">Anthony, chef de quai<\/a><\/div>\n<div data-offset-key=\"5j35h-0-0\">\n<style type=\"text\/css\" data-created_by=\"avia_inline_auto\" id=\"style-css-av-awyvv-8ecad5ed380d7e09279f2658b5957f94\">\n#top .hr.hr-invisible.av-awyvv-8ecad5ed380d7e09279f2658b5957f94{\nheight:10px;\n}\n<\/style>\n<div  class='hr av-awyvv-8ecad5ed380d7e09279f2658b5957f94 hr-invisible  avia-builder-el-5  el_after_av_font_icon  el_before_av_font_icon '><span class='hr-inner '><span class=\"hr-inner-style\"><\/span><\/span><\/div><\/div>\n<div data-offset-key=\"5j35h-0-0\">\n<style type=\"text\/css\" data-created_by=\"avia_inline_auto\" id=\"style-css-av-4lnqq3-e0be683ffbafad7454f9db413cc67bed\">\n.av_font_icon.av-4lnqq3-e0be683ffbafad7454f9db413cc67bed{\ncolor:#a81010;\nborder-color:#a81010;\n}\n.avia-svg-icon.av-4lnqq3-e0be683ffbafad7454f9db413cc67bed svg:first-child{\nstroke:#a81010;\nfill:#a81010;\n}\n.av_font_icon.av-4lnqq3-e0be683ffbafad7454f9db413cc67bed .av-icon-char{\nfont-size:30px;\nline-height:30px;\n}\n<\/style>\n<span  class='av_font_icon av-4lnqq3-e0be683ffbafad7454f9db413cc67bed avia_animate_when_visible av-icon-style- avia-icon-pos-left avia-iconfont avia-font-entypo-fontello avia-icon-animate'><span class='av-icon-char' data-av_icon='\ue832' data-av_iconfont='entypo-fontello' aria-hidden=\"true\" ><\/span><\/span> <a href=\"https:\/\/www.transports-coue.fr\/fr\/zoom-sur-une-de-nos-remarquables-charlene-assistante-exploitation\/\" target=\"_blank\" rel=\"noopener\">Charl\u00e8ne, assistante exploitation<\/a><\/div>\n<div data-offset-key=\"5j35h-0-0\">\n<div data-offset-key=\"5j35h-0-0\">\n<style type=\"text\/css\" data-created_by=\"avia_inline_auto\" id=\"style-css-av-awyvv-8ecad5ed380d7e09279f2658b5957f94\">\n#top .hr.hr-invisible.av-awyvv-8ecad5ed380d7e09279f2658b5957f94{\nheight:10px;\n}\n<\/style>\n<div  class='hr av-awyvv-8ecad5ed380d7e09279f2658b5957f94 hr-invisible  avia-builder-el-7  el_after_av_font_icon  el_before_av_font_icon '><span class='hr-inner '><span class=\"hr-inner-style\"><\/span><\/span><\/div><\/div>\n<div data-offset-key=\"5j35h-0-0\">\n<style type=\"text\/css\" data-created_by=\"avia_inline_auto\" id=\"style-css-av-4lnqq3-e0be683ffbafad7454f9db413cc67bed\">\n.av_font_icon.av-4lnqq3-e0be683ffbafad7454f9db413cc67bed{\ncolor:#a81010;\nborder-color:#a81010;\n}\n.avia-svg-icon.av-4lnqq3-e0be683ffbafad7454f9db413cc67bed svg:first-child{\nstroke:#a81010;\nfill:#a81010;\n}\n.av_font_icon.av-4lnqq3-e0be683ffbafad7454f9db413cc67bed .av-icon-char{\nfont-size:30px;\nline-height:30px;\n}\n<\/style>\n<span  class='av_font_icon av-4lnqq3-e0be683ffbafad7454f9db413cc67bed avia_animate_when_visible av-icon-style- avia-icon-pos-left avia-iconfont avia-font-entypo-fontello avia-icon-animate'><span class='av-icon-char' data-av_icon='\ue832' data-av_iconfont='entypo-fontello' aria-hidden=\"true\" ><\/span><\/span> <a href=\"https:\/\/www.transports-coue.fr\/fr\/zoom-sur-un-de-nos-remarquables-alexandre-preparateur-de-commandes\/\" target=\"_blank\" rel=\"noopener\">Alexandre, pr\u00e9parateur de commande<\/a><\/div>\n<div data-offset-key=\"5j35h-0-0\">\n<div data-offset-key=\"5ub4d-0-0\">\n<div data-offset-key=\"5j35h-0-0\">\n<style type=\"text\/css\" data-created_by=\"avia_inline_auto\" id=\"style-css-av-awyvv-8ecad5ed380d7e09279f2658b5957f94\">\n#top .hr.hr-invisible.av-awyvv-8ecad5ed380d7e09279f2658b5957f94{\nheight:10px;\n}\n<\/style>\n<div  class='hr av-awyvv-8ecad5ed380d7e09279f2658b5957f94 hr-invisible  avia-builder-el-9  el_after_av_font_icon  el_before_av_font_icon '><span class='hr-inner '><span class=\"hr-inner-style\"><\/span><\/span><\/div><\/div>\n<div data-offset-key=\"5j35h-0-0\">\n<style type=\"text\/css\" data-created_by=\"avia_inline_auto\" id=\"style-css-av-4lnqq3-e0be683ffbafad7454f9db413cc67bed\">\n.av_font_icon.av-4lnqq3-e0be683ffbafad7454f9db413cc67bed{\ncolor:#a81010;\nborder-color:#a81010;\n}\n.avia-svg-icon.av-4lnqq3-e0be683ffbafad7454f9db413cc67bed svg:first-child{\nstroke:#a81010;\nfill:#a81010;\n}\n.av_font_icon.av-4lnqq3-e0be683ffbafad7454f9db413cc67bed .av-icon-char{\nfont-size:30px;\nline-height:30px;\n}\n<\/style>\n<span  class='av_font_icon av-4lnqq3-e0be683ffbafad7454f9db413cc67bed avia_animate_when_visible av-icon-style- avia-icon-pos-left avia-iconfont avia-font-entypo-fontello avia-icon-animate'><span class='av-icon-char' data-av_icon='\ue832' data-av_iconfont='entypo-fontello' aria-hidden=\"true\" ><\/span><\/span> <a href=\"zoom-sur-un-de-nos-remarquables-laurent-exploitant-transport\" target=\"_blank\" rel=\"noopener\">Laurent, exploitant transport<\/a><\/div>\n<\/div>\n<div data-offset-key=\"5ub4d-0-0\">\n<div data-offset-key=\"5j35h-0-0\">\n<style type=\"text\/css\" data-created_by=\"avia_inline_auto\" id=\"style-css-av-awyvv-8ecad5ed380d7e09279f2658b5957f94\">\n#top .hr.hr-invisible.av-awyvv-8ecad5ed380d7e09279f2658b5957f94{\nheight:10px;\n}\n<\/style>\n<div  class='hr av-awyvv-8ecad5ed380d7e09279f2658b5957f94 hr-invisible  avia-builder-el-11  el_after_av_font_icon  el_before_av_font_icon '><span class='hr-inner '><span class=\"hr-inner-style\"><\/span><\/span><\/div><\/div>\n<div data-offset-key=\"5j35h-0-0\">\n<style type=\"text\/css\" data-created_by=\"avia_inline_auto\" id=\"style-css-av-4lnqq3-e0be683ffbafad7454f9db413cc67bed\">\n.av_font_icon.av-4lnqq3-e0be683ffbafad7454f9db413cc67bed{\ncolor:#a81010;\nborder-color:#a81010;\n}\n.avia-svg-icon.av-4lnqq3-e0be683ffbafad7454f9db413cc67bed svg:first-child{\nstroke:#a81010;\nfill:#a81010;\n}\n.av_font_icon.av-4lnqq3-e0be683ffbafad7454f9db413cc67bed .av-icon-char{\nfont-size:30px;\nline-height:30px;\n}\n<\/style>\n<span  class='av_font_icon av-4lnqq3-e0be683ffbafad7454f9db413cc67bed avia_animate_when_visible av-icon-style- avia-icon-pos-left avia-iconfont avia-font-entypo-fontello avia-icon-animate'><span class='av-icon-char' data-av_icon='\ue832' data-av_iconfont='entypo-fontello' aria-hidden=\"true\" ><\/span><\/span> <a href=\"https:\/\/www.transports-coue.fr\/fr\/zoom-sur-un-de-nos-remarquables-philippe-exploitant-transport\/\" target=\"_blank\" rel=\"noopener\">Philippe, exploitant transport<\/a><\/div>\n<div data-offset-key=\"5j35h-0-0\">\n<div data-offset-key=\"5j35h-0-0\">\n<style type=\"text\/css\" data-created_by=\"avia_inline_auto\" id=\"style-css-av-awyvv-8ecad5ed380d7e09279f2658b5957f94\">\n#top .hr.hr-invisible.av-awyvv-8ecad5ed380d7e09279f2658b5957f94{\nheight:10px;\n}\n<\/style>\n<div  class='hr av-awyvv-8ecad5ed380d7e09279f2658b5957f94 hr-invisible  avia-builder-el-13  el_after_av_font_icon  el_before_av_font_icon '><span class='hr-inner '><span class=\"hr-inner-style\"><\/span><\/span><\/div><\/div>\n<div data-offset-key=\"5j35h-0-0\">\n<style type=\"text\/css\" data-created_by=\"avia_inline_auto\" id=\"style-css-av-4lnqq3-e0be683ffbafad7454f9db413cc67bed\">\n.av_font_icon.av-4lnqq3-e0be683ffbafad7454f9db413cc67bed{\ncolor:#a81010;\nborder-color:#a81010;\n}\n.avia-svg-icon.av-4lnqq3-e0be683ffbafad7454f9db413cc67bed svg:first-child{\nstroke:#a81010;\nfill:#a81010;\n}\n.av_font_icon.av-4lnqq3-e0be683ffbafad7454f9db413cc67bed .av-icon-char{\nfont-size:30px;\nline-height:30px;\n}\n<\/style>\n<span  class='av_font_icon av-4lnqq3-e0be683ffbafad7454f9db413cc67bed avia_animate_when_visible av-icon-style- avia-icon-pos-left avia-iconfont avia-font-entypo-fontello avia-icon-animate'><span class='av-icon-char' data-av_icon='\ue832' data-av_iconfont='entypo-fontello' aria-hidden=\"true\" ><\/span><\/span> <a href=\"https:\/\/www.transports-coue.fr\/fr\/zoom-sur-une-de-nos-remarquables-amelyne-responsable-facturation\/\" target=\"_blank\" rel=\"noopener\">Amelyne, responsable facturation<\/a><\/div>\n<div data-offset-key=\"5j35h-0-0\">\n<div data-offset-key=\"5j35h-0-0\">\n<style type=\"text\/css\" data-created_by=\"avia_inline_auto\" id=\"style-css-av-awyvv-8ecad5ed380d7e09279f2658b5957f94\">\n#top .hr.hr-invisible.av-awyvv-8ecad5ed380d7e09279f2658b5957f94{\nheight:10px;\n}\n<\/style>\n<div  class='hr av-awyvv-8ecad5ed380d7e09279f2658b5957f94 hr-invisible  avia-builder-el-15  el_after_av_font_icon  el_before_av_font_icon '><span class='hr-inner '><span class=\"hr-inner-style\"><\/span><\/span><\/div><\/div>\n<div data-offset-key=\"5j35h-0-0\">\n<style type=\"text\/css\" data-created_by=\"avia_inline_auto\" id=\"style-css-av-4lnqq3-e0be683ffbafad7454f9db413cc67bed\">\n.av_font_icon.av-4lnqq3-e0be683ffbafad7454f9db413cc67bed{\ncolor:#a81010;\nborder-color:#a81010;\n}\n.avia-svg-icon.av-4lnqq3-e0be683ffbafad7454f9db413cc67bed svg:first-child{\nstroke:#a81010;\nfill:#a81010;\n}\n.av_font_icon.av-4lnqq3-e0be683ffbafad7454f9db413cc67bed .av-icon-char{\nfont-size:30px;\nline-height:30px;\n}\n<\/style>\n<span  class='av_font_icon av-4lnqq3-e0be683ffbafad7454f9db413cc67bed avia_animate_when_visible av-icon-style- avia-icon-pos-left avia-iconfont avia-font-entypo-fontello avia-icon-animate'><span class='av-icon-char' data-av_icon='\ue832' data-av_iconfont='entypo-fontello' aria-hidden=\"true\" ><\/span><\/span> <a href=\"https:\/\/www.transports-coue.fr\/fr\/zoom-sur-une-de-nos-remarquables-nicolas-chef-atelier\/\" target=\"_blank\" rel=\"noopener\">Nicolas, chef atelier<\/a><\/div>\n<\/div>\n<\/div>\n<\/div>\n<\/div>\n<\/div>\n<\/blockquote>\n<div data-offset-key=\"5j35h-0-0\"><\/div>\n<\/div>\n<div data-offset-key=\"5ub4d-0-0\"><\/div>\n<blockquote>\n<div data-offset-key=\"5j35h-0-0\"><strong>Nos vid\u00e9os \u00ab\u00a0Les Mayennais sont remarquables\u00a0\u00bb\u00a0<\/strong><\/div>\n<div data-offset-key=\"5j35h-0-0\">\n<style type=\"text\/css\" data-created_by=\"avia_inline_auto\" id=\"style-css-av-8thpez-e0bf4a05b85ff03080450ce91bf1c8f1\">\n#top .hr.hr-invisible.av-8thpez-e0bf4a05b85ff03080450ce91bf1c8f1{\nheight:10px;\n}\n<\/style>\n<div  class='hr av-8thpez-e0bf4a05b85ff03080450ce91bf1c8f1 hr-invisible  avia-builder-el-17  el_after_av_font_icon  el_before_av_font_icon '><span class='hr-inner '><span class=\"hr-inner-style\"><\/span><\/span><\/div><\/div>\n<div data-offset-key=\"5j35h-0-0\">\n<style type=\"text\/css\" data-created_by=\"avia_inline_auto\" id=\"style-css-av-7zalm3-e730d27b12bcf471303269af9e6bd6aa\">\n.av_font_icon.av-7zalm3-e730d27b12bcf471303269af9e6bd6aa .av-icon-char{\nfont-size:30px;\nline-height:30px;\n}\n<\/style>\n<span  class='av_font_icon av-7zalm3-e730d27b12bcf471303269af9e6bd6aa avia_animate_when_visible av-icon-style- avia-icon-pos-left avia-iconfont avia-font-entypo-fontello av-no-color avia-icon-animate'><span class='av-icon-char' data-av_icon='\ue832' data-av_iconfont='entypo-fontello' aria-hidden=\"true\" ><\/span><\/span> Petit teasing le 20\/11\/2020 avant le lancement : <a href=\"https:\/\/youtu.be\/YhGN2LsLEtk\" target=\"_blank\" rel=\"noopener noreferrer\">https:\/\/youtu.be\/YhGN2LsLEtk<\/a><\/div>\n<div data-offset-key=\"5j35h-0-0\"><span style=\"font-size: inherit;\">\n<style type=\"text\/css\" data-created_by=\"avia_inline_auto\" id=\"style-css-av-6lzhaj-ec7c0ef45cab5457112bb89cc07df7b2\">\n#top .hr.hr-invisible.av-6lzhaj-ec7c0ef45cab5457112bb89cc07df7b2{\nheight:10px;\n}\n<\/style>\n<div  class='hr av-6lzhaj-ec7c0ef45cab5457112bb89cc07df7b2 hr-invisible  avia-builder-el-19  el_after_av_font_icon  el_before_av_font_icon '><span class='hr-inner '><span class=\"hr-inner-style\"><\/span><\/span><\/div><\/span><\/div>\n<div data-offset-key=\"5j35h-0-0\">\n<style type=\"text\/css\" data-created_by=\"avia_inline_auto\" id=\"style-css-av-4lnqq3-f8b143dca2fd8ac37223474d5cf1b4a4\">\n.av_font_icon.av-4lnqq3-f8b143dca2fd8ac37223474d5cf1b4a4 .av-icon-char{\nfont-size:30px;\nline-height:30px;\n}\n<\/style>\n<span  class='av_font_icon av-4lnqq3-f8b143dca2fd8ac37223474d5cf1b4a4 avia_animate_when_visible av-icon-style- avia-icon-pos-left avia-iconfont avia-font-entypo-fontello av-no-color avia-icon-animate'><span class='av-icon-char' data-av_icon='\ue832' data-av_iconfont='entypo-fontello' aria-hidden=\"true\" ><\/span><\/span> La vid\u00e9o du lancement de notre projet le 04\/12\/2020 : <a href=\"https:\/\/youtu.be\/wtbLGQSoKaI\" target=\"_blank\" rel=\"noopener noreferrer\">https:\/\/youtu.be\/wtbLGQSoKaI<\/a><\/div>\n<div data-offset-key=\"5j35h-0-0\">\n<style type=\"text\/css\" data-created_by=\"avia_inline_auto\" id=\"style-css-av-awyvv-8ecad5ed380d7e09279f2658b5957f94\">\n#top .hr.hr-invisible.av-awyvv-8ecad5ed380d7e09279f2658b5957f94{\nheight:10px;\n}\n<\/style>\n<div  class='hr av-awyvv-8ecad5ed380d7e09279f2658b5957f94 hr-invisible  avia-builder-el-21  el_after_av_font_icon  avia-builder-el-last '><span class='hr-inner '><span class=\"hr-inner-style\"><\/span><\/span><\/div><\/div>\n<\/blockquote>\n","protected":false},"excerpt":{"rendered":"<p>\u2728 Zoom sur un de nos reMarquables ! Mise \u00e0 l&rsquo;honneur dans ce zoom d&rsquo;Aur\u00e9lien, Conducteur Routier \ud83d\ude9b, m\u00e9tier mis \u00e0 rude \u00e9preuve depuis plus d&rsquo;un an en raison de la crise sanitaire ! Pr\u00e9sent sur une de nos 9 b\u00e2ches \u00ab\u00a0Les Mayennais sont reMarquables\u00a0\u00bb, Aur\u00e9lien nous partage sa belle vision de son m\u00e9tier : [&hellip;]<\/p>\n","protected":false},"author":2,"featured_media":5901,"comment_status":"closed","ping_status":"open","sticky":false,"template":"","format":"standard","meta":{"om_disable_all_campaigns":false,"_monsterinsights_skip_tracking":false,"_monsterinsights_sitenote_active":false,"_monsterinsights_sitenote_note":"","_monsterinsights_sitenote_category":0,"footnotes":""},"categories":[4,6],"tags":[],"class_list":["post-5576","post","type-post","status-publish","format-standard","has-post-thumbnail","hentry","category-actualites","category-evenements"],"aioseo_notices":[],"_links":{"self":[{"href":"https:\/\/www.transports-coue.fr\/fr\/wp-json\/wp\/v2\/posts\/5576","targetHints":{"allow":["GET"]}}],"collection":[{"href":"https:\/\/www.transports-coue.fr\/fr\/wp-json\/wp\/v2\/posts"}],"about":[{"href":"https:\/\/www.transports-coue.fr\/fr\/wp-json\/wp\/v2\/types\/post"}],"author":[{"embeddable":true,"href":"https:\/\/www.transports-coue.fr\/fr\/wp-json\/wp\/v2\/users\/2"}],"replies":[{"embeddable":true,"href":"https:\/\/www.transports-coue.fr\/fr\/wp-json\/wp\/v2\/comments?post=5576"}],"version-history":[{"count":7,"href":"https:\/\/www.transports-coue.fr\/fr\/wp-json\/wp\/v2\/posts\/5576\/revisions"}],"predecessor-version":[{"id":6976,"href":"https:\/\/www.transports-coue.fr\/fr\/wp-json\/wp\/v2\/posts\/5576\/revisions\/6976"}],"wp:featuredmedia":[{"embeddable":true,"href":"https:\/\/www.transports-coue.fr\/fr\/wp-json\/wp\/v2\/media\/5901"}],"wp:attachment":[{"href":"https:\/\/www.transports-coue.fr\/fr\/wp-json\/wp\/v2\/media?parent=5576"}],"wp:term":[{"taxonomy":"category","embeddable":true,"href":"https:\/\/www.transports-coue.fr\/fr\/wp-json\/wp\/v2\/categories?post=5576"},{"taxonomy":"post_tag","embeddable":true,"href":"https:\/\/www.transports-coue.fr\/fr\/wp-json\/wp\/v2\/tags?post=5576"}],"curies":[{"name":"wp","href":"https:\/\/api.w.org\/{rel}","templated":true}]}}