{"id":4769,"date":"2021-03-19T16:16:12","date_gmt":"2021-03-19T15:16:12","guid":{"rendered":"https:\/\/www.transports-coue.fr\/?p=4769"},"modified":"2021-05-14T18:25:31","modified_gmt":"2021-05-14T16:25:31","slug":"notre-demarche-de-certification-label-co2","status":"publish","type":"post","link":"https:\/\/www.transports-coue.fr\/fr\/notre-demarche-de-certification-label-co2\/","title":{"rendered":"Notre d\u00e9marche de certification \u00ab\u00a0Label CO2\u00a0\u00bb"},"content":{"rendered":"<div class=\"\" data-block=\"true\" data-editor=\"5abmp\" data-offset-key=\"durt8-0-0\">\n<div class=\"_1mf _1mj\" data-offset-key=\"durt8-0-0\"><span class=\"_3gl1 _5zz4\" data-offset-key=\"durt8-0-0\"><span class=\"_ncl\"><span data-offset-key=\"durt8-0-0\">\ud83c\udf0e<\/span><\/span><\/span><span data-offset-key=\"durt8-1-0\"> Afin de lutter \u00e0 notre \u00e9chelle contre le changement climatique, nous nous engageons au quotidien \u00e0 la r\u00e9duction de nos \u00e9missions polluantes.<\/span><\/div>\n<\/div>\n<div class=\"\" data-block=\"true\" data-editor=\"5abmp\" data-offset-key=\"6itif-0-0\">\n<div class=\"_1mf _1mj\" data-offset-key=\"6itif-0-0\"><span data-offset-key=\"6itif-0-0\">\u00a0<\/span><\/div>\n<\/div>\n<div class=\"\" data-block=\"true\" data-editor=\"5abmp\" data-offset-key=\"aecq8-0-0\">\n<div class=\"_1mf _1mj\" data-offset-key=\"aecq8-0-0\"><span class=\"_3gl1 _5zz4\" data-offset-key=\"aecq8-0-0\"><span class=\"_ncl\"><span data-offset-key=\"aecq8-0-0\">\ud83d\udcc8<\/span><\/span><\/span><span data-offset-key=\"aecq8-1-0\"> Depuis plusieurs ann\u00e9es, nous menons de nombreuses actions dans le but d\u2019am\u00e9liorer nos performances environnementales :<\/span><\/div>\n<\/div>\n<div class=\"\" data-block=\"true\" data-editor=\"5abmp\" data-offset-key=\"2qd4h-0-0\">\n<div class=\"_1mf _1mj\" data-offset-key=\"2qd4h-0-0\"><span data-offset-key=\"2qd4h-0-0\">\u2022 formation \u00e0 l\u2019\u00e9co-conduite, <\/span><\/div>\n<\/div>\n<div class=\"\" data-block=\"true\" data-editor=\"5abmp\" data-offset-key=\"alhvg-0-0\">\n<div class=\"_1mf _1mj\" data-offset-key=\"alhvg-0-0\"><span data-offset-key=\"alhvg-0-0\">\u2022 optimisation des trajets et des chargements, <\/span><\/div>\n<\/div>\n<div class=\"\" data-block=\"true\" data-editor=\"5abmp\" data-offset-key=\"ctbuk-0-0\">\n<div class=\"_1mf _1mj\" data-offset-key=\"ctbuk-0-0\"><span data-offset-key=\"ctbuk-0-0\">\u2022 renouvellement du parc avec des v\u00e9hicules adapt\u00e9s, <\/span><\/div>\n<\/div>\n<div class=\"\" data-block=\"true\" data-editor=\"5abmp\" data-offset-key=\"e37e3-0-0\">\n<div class=\"_1mf _1mj\" data-offset-key=\"e37e3-0-0\"><span data-offset-key=\"e37e3-0-0\">\u2022 suivis des consommations,<\/span><\/div>\n<\/div>\n<div class=\"\" data-block=\"true\" data-editor=\"5abmp\" data-offset-key=\"8jtql-0-0\">\n<div class=\"_1mf _1mj\" data-offset-key=\"8jtql-0-0\"><span data-offset-key=\"8jtql-0-0\">\u2022 \u2026<\/span><\/div>\n<\/div>\n<div class=\"\" data-block=\"true\" data-editor=\"5abmp\" data-offset-key=\"6hjcs-0-0\">\n<div class=\"_1mf _1mj\" data-offset-key=\"6hjcs-0-0\"><span class=\"_3gl1 _5zz4\" data-offset-key=\"6hjcs-0-0\"><span class=\"_ncl\"><span data-offset-key=\"6hjcs-0-0\">\ud83e\udd1d<\/span><\/span><\/span><span data-offset-key=\"6hjcs-1-0\"> Aujourd\u2019hui, afin de valoriser cette implication de toutes nos \u00e9quipes, nous entreprenons la d\u00e9marche de certification \u00ab <a href=\"http:\/\/www.objectifco2.fr\/\" target=\"_blank\" rel=\"noopener noreferrer\">Label CO2<\/a> \u00bb<\/span><\/div>\n<\/div>\n<div class=\"\" data-block=\"true\" data-editor=\"5abmp\" data-offset-key=\"26jqj-0-0\">\n<div class=\"_1mf _1mj\" data-offset-key=\"26jqj-0-0\"><span data-offset-key=\"26jqj-0-0\">\u00a0<\/span><\/div>\n<\/div>\n<div class=\"\" data-block=\"true\" data-editor=\"5abmp\" data-offset-key=\"dk1o7-0-0\">\n<div class=\"_1mf _1mj\" data-offset-key=\"dk1o7-0-0\"><span class=\"_3gl1 _5zz4\" data-offset-key=\"dk1o7-0-0\"><span class=\"_ncl\"><span data-offset-key=\"dk1o7-0-0\">\ud83e\uddd0<\/span><\/span><\/span><span data-offset-key=\"dk1o7-1-0\"> Pour en savoir plus, visitez notre page consacr\u00e9e \u00e0 <strong>nos actions \u00e9co-responsables<\/strong> :<\/span><\/div>\n<div data-offset-key=\"dk1o7-0-0\"><a href=\"https:\/\/www.transports-coue.fr\/fr\/nos-engagements\/plus-quun-partenaire-un-eco-partenaire\/\" target=\"_blank\" rel=\"noopener\">https:\/\/www.transports-coue.fr\/fr\/nos-engagements\/plus-quun-partenaire-un-eco-partenaire\/<\/a><\/div>\n<\/div>\n<div class=\"_1mf _1mj\" data-offset-key=\"dk1o7-0-0\"><\/div>\n<div data-offset-key=\"dk1o7-0-0\">\n\n<style type=\"text\/css\" data-created_by=\"avia_inline_auto\" id=\"style-css-av-2xrbv5-ceb20f250528fbc0f15fae82ecca8d89\">\n#top .hr.hr-invisible.av-2xrbv5-ceb20f250528fbc0f15fae82ecca8d89{\nheight:20px;\n}\n<\/style>\n<div  class='hr av-2xrbv5-ceb20f250528fbc0f15fae82ecca8d89 hr-invisible  avia-builder-el-0  avia-builder-el-no-sibling '><span class='hr-inner '><span class=\"hr-inner-style\"><\/span><\/span><\/div>\n<\/div>\n<div class=\"\" data-block=\"true\" data-editor=\"5abmp\" data-offset-key=\"2o92-0-0\">\n<div class=\"_1mf _1mj\" data-offset-key=\"2o92-0-0\"><span class=\"_3gl1 _5zz4\" data-offset-key=\"2o92-0-0\"><span class=\"_ncl\"><span data-offset-key=\"2o92-0-0\">\ud83d\udcf8<\/span><\/span><\/span><span data-offset-key=\"2o92-1-0\"> Merci \u00e0 Aur\u00e9lien pour cette belle photo !<\/span><\/div>\n<\/div>\n<div class=\"\" data-block=\"true\" data-editor=\"5abmp\" data-offset-key=\"ckdfi-0-0\">\n<div class=\"_1mf _1mj\" data-offset-key=\"ckdfi-0-0\"><span data-offset-key=\"ckdfi-0-0\">\u00a0<\/span><\/div>\n<\/div>\n<div class=\"\" data-block=\"true\" data-editor=\"5abmp\" data-offset-key=\"181nt-0-0\">\n<div class=\"_1mf _1mj\" data-offset-key=\"181nt-0-0\"><span class=\"_5zk7\" spellcheck=\"false\" data-offset-key=\"181nt-0-0\"><span data-offset-key=\"181nt-0-0\">#environnement <\/span><\/span><span class=\"_5zk7\" spellcheck=\"false\" data-offset-key=\"181nt-2-0\"><span data-offset-key=\"181nt-2-0\">#ecoresponsable<\/span><\/span> <span class=\"_5zk7\" spellcheck=\"false\" data-offset-key=\"181nt-4-0\"><span data-offset-key=\"181nt-4-0\">#transportroutier<\/span><\/span> <span class=\"_5zk7\" spellcheck=\"false\" data-offset-key=\"181nt-6-0\"><span data-offset-key=\"181nt-6-0\">#mayenne<\/span><\/span><\/div>\n<\/div>\n","protected":false},"excerpt":{"rendered":"<p>\ud83c\udf0e Afin de lutter \u00e0 notre \u00e9chelle contre le changement climatique, nous nous engageons au quotidien \u00e0 la r\u00e9duction de nos \u00e9missions polluantes. \u00a0 \ud83d\udcc8 Depuis plusieurs ann\u00e9es, nous menons de nombreuses actions dans le but d\u2019am\u00e9liorer nos performances environnementales : \u2022 formation \u00e0 l\u2019\u00e9co-conduite, \u2022 optimisation des trajets et des chargements, \u2022 renouvellement du [&hellip;]<\/p>\n","protected":false},"author":2,"featured_media":4767,"comment_status":"closed","ping_status":"open","sticky":false,"template":"","format":"standard","meta":{"om_disable_all_campaigns":false,"_monsterinsights_skip_tracking":false,"_monsterinsights_sitenote_active":false,"_monsterinsights_sitenote_note":"","_monsterinsights_sitenote_category":0,"footnotes":""},"categories":[4,5],"tags":[],"class_list":["post-4769","post","type-post","status-publish","format-standard","has-post-thumbnail","hentry","category-actualites","category-developpement"],"aioseo_notices":[],"_links":{"self":[{"href":"https:\/\/www.transports-coue.fr\/fr\/wp-json\/wp\/v2\/posts\/4769","targetHints":{"allow":["GET"]}}],"collection":[{"href":"https:\/\/www.transports-coue.fr\/fr\/wp-json\/wp\/v2\/posts"}],"about":[{"href":"https:\/\/www.transports-coue.fr\/fr\/wp-json\/wp\/v2\/types\/post"}],"author":[{"embeddable":true,"href":"https:\/\/www.transports-coue.fr\/fr\/wp-json\/wp\/v2\/users\/2"}],"replies":[{"embeddable":true,"href":"https:\/\/www.transports-coue.fr\/fr\/wp-json\/wp\/v2\/comments?post=4769"}],"version-history":[{"count":7,"href":"https:\/\/www.transports-coue.fr\/fr\/wp-json\/wp\/v2\/posts\/4769\/revisions"}],"predecessor-version":[{"id":5316,"href":"https:\/\/www.transports-coue.fr\/fr\/wp-json\/wp\/v2\/posts\/4769\/revisions\/5316"}],"wp:featuredmedia":[{"embeddable":true,"href":"https:\/\/www.transports-coue.fr\/fr\/wp-json\/wp\/v2\/media\/4767"}],"wp:attachment":[{"href":"https:\/\/www.transports-coue.fr\/fr\/wp-json\/wp\/v2\/media?parent=4769"}],"wp:term":[{"taxonomy":"category","embeddable":true,"href":"https:\/\/www.transports-coue.fr\/fr\/wp-json\/wp\/v2\/categories?post=4769"},{"taxonomy":"post_tag","embeddable":true,"href":"https:\/\/www.transports-coue.fr\/fr\/wp-json\/wp\/v2\/tags?post=4769"}],"curies":[{"name":"wp","href":"https:\/\/api.w.org\/{rel}","templated":true}]}}