{"id":2956,"date":"2019-10-09T16:34:23","date_gmt":"2019-10-09T14:34:23","guid":{"rendered":"https:\/\/www.transports-coue.fr\/?p=2956"},"modified":"2021-05-21T17:12:19","modified_gmt":"2021-05-21T15:12:19","slug":"transports-coue-au-rdv-de-lemploi-a-laval-le-17-octobre-2019","status":"publish","type":"post","link":"https:\/\/www.transports-coue.fr\/fr\/transports-coue-au-rdv-de-lemploi-a-laval-le-17-octobre-2019\/","title":{"rendered":"Transports Cou\u00e9 au Rdv de l&#8217;emploi \u00e0 Laval le 17 octobre 2019"},"content":{"rendered":"<p>Venez rencontrer notre \u00e9quipe RH, Sandy &amp; Alexandra, et notre animateur coordinateur, Harold, le 17 octobre au Rdv de l&#8217;emploi et de l&rsquo;alternance \u00e0 la Salle Polyvalente de Laval.<\/p>\n<p>Le monde du transport bouge, sans cesse en \u00e9volution pour r\u00e9pondre aux besoins de s\u00e9curit\u00e9, de pr\u00e9servation de notre environnement. Les m\u00e9tiers de notre secteur \u00e9voluent, de nouvelles vocations naissent.\u00a0 Nous recherchons des talents pour nous accompagner dans ce d\u00e9veloppement.<\/p>\n<p>Consultez nos offres d&#8217;emploi sur notre site internet : <a href=\"https:\/\/www.transports-coue.fr\/fr\/recrutement\/\" target=\"_blank\" rel=\"noopener\">https:\/\/www.transports-coue.fr\/fr\/recrutement\/<\/a><\/p>\n","protected":false},"excerpt":{"rendered":"<p>Venez rencontrer notre \u00e9quipe RH, Sandy &amp; Alexandra, et notre animateur coordinateur, Harold, le 17 octobre au Rdv de l&#8217;emploi et de l&rsquo;alternance \u00e0 la Salle Polyvalente de Laval. Le monde du transport bouge, sans cesse en \u00e9volution pour r\u00e9pondre aux besoins de s\u00e9curit\u00e9, de pr\u00e9servation de notre environnement. Les m\u00e9tiers de notre secteur \u00e9voluent, [&hellip;]<\/p>\n","protected":false},"author":2,"featured_media":2958,"comment_status":"closed","ping_status":"open","sticky":false,"template":"","format":"standard","meta":{"om_disable_all_campaigns":false,"_monsterinsights_skip_tracking":false,"_monsterinsights_sitenote_active":false,"_monsterinsights_sitenote_note":"","_monsterinsights_sitenote_category":0,"footnotes":""},"categories":[4,6],"tags":[],"class_list":["post-2956","post","type-post","status-publish","format-standard","has-post-thumbnail","hentry","category-actualites","category-evenements"],"aioseo_notices":[],"_links":{"self":[{"href":"https:\/\/www.transports-coue.fr\/fr\/wp-json\/wp\/v2\/posts\/2956","targetHints":{"allow":["GET"]}}],"collection":[{"href":"https:\/\/www.transports-coue.fr\/fr\/wp-json\/wp\/v2\/posts"}],"about":[{"href":"https:\/\/www.transports-coue.fr\/fr\/wp-json\/wp\/v2\/types\/post"}],"author":[{"embeddable":true,"href":"https:\/\/www.transports-coue.fr\/fr\/wp-json\/wp\/v2\/users\/2"}],"replies":[{"embeddable":true,"href":"https:\/\/www.transports-coue.fr\/fr\/wp-json\/wp\/v2\/comments?post=2956"}],"version-history":[{"count":5,"href":"https:\/\/www.transports-coue.fr\/fr\/wp-json\/wp\/v2\/posts\/2956\/revisions"}],"predecessor-version":[{"id":5372,"href":"https:\/\/www.transports-coue.fr\/fr\/wp-json\/wp\/v2\/posts\/2956\/revisions\/5372"}],"wp:featuredmedia":[{"embeddable":true,"href":"https:\/\/www.transports-coue.fr\/fr\/wp-json\/wp\/v2\/media\/2958"}],"wp:attachment":[{"href":"https:\/\/www.transports-coue.fr\/fr\/wp-json\/wp\/v2\/media?parent=2956"}],"wp:term":[{"taxonomy":"category","embeddable":true,"href":"https:\/\/www.transports-coue.fr\/fr\/wp-json\/wp\/v2\/categories?post=2956"},{"taxonomy":"post_tag","embeddable":true,"href":"https:\/\/www.transports-coue.fr\/fr\/wp-json\/wp\/v2\/tags?post=2956"}],"curies":[{"name":"wp","href":"https:\/\/api.w.org\/{rel}","templated":true}]}}