{"id":252,"date":"2018-05-04T11:28:29","date_gmt":"2018-05-04T09:28:29","guid":{"rendered":"http:\/\/www2.transports-coue.fr\/fr\/?p=252"},"modified":"2021-05-24T12:40:34","modified_gmt":"2021-05-24T10:40:34","slug":"transports-coue-notre-parc-photographie-par-notre-conducteur-aurelien-perrault","status":"publish","type":"post","link":"https:\/\/www.transports-coue.fr\/fr\/transports-coue-notre-parc-photographie-par-notre-conducteur-aurelien-perrault\/","title":{"rendered":"Transports Cou\u00e9, Notre parc photographi\u00e9 par notre conducteur Aur\u00e9lien PERRAULT"},"content":{"rendered":"<p>Merci \u00e0 <strong>Aur\u00e9lien PERRAULT<\/strong>, notre artiste photographe et conducteur, pour ce magnifique clich\u00e9 de notre parc <a href=\"https:\/\/www.transports-coue.fr\/fr\/\" target=\"_blank\" rel=\"noopener\">Transports Cou\u00e9<\/a> !<\/p>\n<p><img loading=\"lazy\" decoding=\"async\" class=\"size-full wp-image-1097 aligncenter\" src=\"http:\/\/www2.transports-coue.fr\/fr\/wp-content\/uploads\/2019\/03\/Photo-dAurelien-PERRAULT-parc-transports-coue-02-05-2018-e1551975799649.jpg\" alt=\"Photo d'Aur\u00e9lien PERRAULT Parc Transports Cou\u00e9\" width=\"500\" height=\"244\" \/><\/p>\n","protected":false},"excerpt":{"rendered":"<p>Merci \u00e0 Aur\u00e9lien PERRAULT, notre artiste photographe et conducteur, pour ce magnifique clich\u00e9 de notre parc Transports Cou\u00e9 !<\/p>\n","protected":false},"author":1,"featured_media":1101,"comment_status":"open","ping_status":"open","sticky":false,"template":"","format":"standard","meta":{"om_disable_all_campaigns":false,"_monsterinsights_skip_tracking":false,"_monsterinsights_sitenote_active":false,"_monsterinsights_sitenote_note":"","_monsterinsights_sitenote_category":0,"footnotes":""},"categories":[4,1],"tags":[],"class_list":["post-252","post","type-post","status-publish","format-standard","has-post-thumbnail","hentry","category-actualites","category-partenariats"],"aioseo_notices":[],"_links":{"self":[{"href":"https:\/\/www.transports-coue.fr\/fr\/wp-json\/wp\/v2\/posts\/252","targetHints":{"allow":["GET"]}}],"collection":[{"href":"https:\/\/www.transports-coue.fr\/fr\/wp-json\/wp\/v2\/posts"}],"about":[{"href":"https:\/\/www.transports-coue.fr\/fr\/wp-json\/wp\/v2\/types\/post"}],"author":[{"embeddable":true,"href":"https:\/\/www.transports-coue.fr\/fr\/wp-json\/wp\/v2\/users\/1"}],"replies":[{"embeddable":true,"href":"https:\/\/www.transports-coue.fr\/fr\/wp-json\/wp\/v2\/comments?post=252"}],"version-history":[{"count":6,"href":"https:\/\/www.transports-coue.fr\/fr\/wp-json\/wp\/v2\/posts\/252\/revisions"}],"predecessor-version":[{"id":5390,"href":"https:\/\/www.transports-coue.fr\/fr\/wp-json\/wp\/v2\/posts\/252\/revisions\/5390"}],"wp:featuredmedia":[{"embeddable":true,"href":"https:\/\/www.transports-coue.fr\/fr\/wp-json\/wp\/v2\/media\/1101"}],"wp:attachment":[{"href":"https:\/\/www.transports-coue.fr\/fr\/wp-json\/wp\/v2\/media?parent=252"}],"wp:term":[{"taxonomy":"category","embeddable":true,"href":"https:\/\/www.transports-coue.fr\/fr\/wp-json\/wp\/v2\/categories?post=252"},{"taxonomy":"post_tag","embeddable":true,"href":"https:\/\/www.transports-coue.fr\/fr\/wp-json\/wp\/v2\/tags?post=252"}],"curies":[{"name":"wp","href":"https:\/\/api.w.org\/{rel}","templated":true}]}}