{"id":2177,"date":"2019-07-19T17:29:26","date_gmt":"2019-07-19T15:29:26","guid":{"rendered":"https:\/\/www.transports-coue.fr\/?p=2177"},"modified":"2021-03-31T10:56:26","modified_gmt":"2021-03-31T08:56:26","slug":"le-savoir-faire-logistique-3pl-des-transports-coue-en-image-sur-leurs-dernieres-semis","status":"publish","type":"post","link":"https:\/\/www.transports-coue.fr\/fr\/le-savoir-faire-logistique-3pl-des-transports-coue-en-image-sur-leurs-dernieres-semis\/","title":{"rendered":"Le savoir-faire Logistique 3PL des Transports Cou\u00e9 en image"},"content":{"rendered":"<p>Les derni\u00e8res semis remorques sont \u00e0 l&rsquo;image du savoir-faire en Logistique 3PL des Transports Cou\u00e9. Retrouvez tous les d\u00e9tails sur le lien suivant : <a href=\"https:\/\/www.transports-coue.fr\/fr\/logistique\/generale\" target=\"_blank\" rel=\"noopener\">https:\/\/www.transports-coue.fr\/fr\/logistique\/generale<\/a><br data-rich-text-line-break=\"true\"><br data-rich-text-line-break=\"true\">Vous avez un projet ? Notre \u00e9quipe commerciale est \u00e0 votre disposition au +33 (0)2 43 56 63 30 &#8211; contact@transports-coue.fr<\/p>\n","protected":false},"excerpt":{"rendered":"<p>Les derni\u00e8res semis remorques sont \u00e0 l&rsquo;image du savoir-faire en Logistique 3PL des Transports Cou\u00e9. Retrouvez tous les d\u00e9tails sur le lien suivant : https:\/\/www.transports-coue.fr\/fr\/logistique\/generaleVous avez un projet ? Notre \u00e9quipe commerciale est \u00e0 votre disposition au +33 (0)2 43 56 63 30 &#8211; contact@transports-coue.fr<\/p>\n","protected":false},"author":2,"featured_media":2179,"comment_status":"closed","ping_status":"open","sticky":false,"template":"","format":"standard","meta":{"om_disable_all_campaigns":false,"_monsterinsights_skip_tracking":false,"_monsterinsights_sitenote_active":false,"_monsterinsights_sitenote_note":"","_monsterinsights_sitenote_category":0,"footnotes":""},"categories":[4,5,17],"tags":[],"class_list":["post-2177","post","type-post","status-publish","format-standard","has-post-thumbnail","hentry","category-actualites","category-developpement","category-developpement-logistique"],"aioseo_notices":[],"_links":{"self":[{"href":"https:\/\/www.transports-coue.fr\/fr\/wp-json\/wp\/v2\/posts\/2177","targetHints":{"allow":["GET"]}}],"collection":[{"href":"https:\/\/www.transports-coue.fr\/fr\/wp-json\/wp\/v2\/posts"}],"about":[{"href":"https:\/\/www.transports-coue.fr\/fr\/wp-json\/wp\/v2\/types\/post"}],"author":[{"embeddable":true,"href":"https:\/\/www.transports-coue.fr\/fr\/wp-json\/wp\/v2\/users\/2"}],"replies":[{"embeddable":true,"href":"https:\/\/www.transports-coue.fr\/fr\/wp-json\/wp\/v2\/comments?post=2177"}],"version-history":[{"count":6,"href":"https:\/\/www.transports-coue.fr\/fr\/wp-json\/wp\/v2\/posts\/2177\/revisions"}],"predecessor-version":[{"id":4941,"href":"https:\/\/www.transports-coue.fr\/fr\/wp-json\/wp\/v2\/posts\/2177\/revisions\/4941"}],"wp:featuredmedia":[{"embeddable":true,"href":"https:\/\/www.transports-coue.fr\/fr\/wp-json\/wp\/v2\/media\/2179"}],"wp:attachment":[{"href":"https:\/\/www.transports-coue.fr\/fr\/wp-json\/wp\/v2\/media?parent=2177"}],"wp:term":[{"taxonomy":"category","embeddable":true,"href":"https:\/\/www.transports-coue.fr\/fr\/wp-json\/wp\/v2\/categories?post=2177"},{"taxonomy":"post_tag","embeddable":true,"href":"https:\/\/www.transports-coue.fr\/fr\/wp-json\/wp\/v2\/tags?post=2177"}],"curies":[{"name":"wp","href":"https:\/\/api.w.org\/{rel}","templated":true}]}}