{"id":2135,"date":"2019-06-07T18:40:59","date_gmt":"2019-06-07T16:40:59","guid":{"rendered":"https:\/\/www.transports-coue.fr\/?p=2135"},"modified":"2021-05-24T12:24:30","modified_gmt":"2021-05-24T10:24:30","slug":"transports-coue-au-prologue-des-boucles-de-la-mayenne-2019","status":"publish","type":"post","link":"https:\/\/www.transports-coue.fr\/fr\/transports-coue-au-prologue-des-boucles-de-la-mayenne-2019\/","title":{"rendered":"Transports Cou\u00e9 au prologue des Boucles de la Mayenne 2019"},"content":{"rendered":"<p style=\"text-align: center;\"><strong>1\u00e8re \u00e9tape : le prologue<\/strong><\/p>\n<p>Thierry, notre affr\u00e9teur, fait partie des motards officiels des Boucles de La Mayenne. Au d\u00e9part de la course cycliste, la voiture des invit\u00e9s aux couleurs des Transports Cou\u00e9 ! Toute notre \u00e9quipe souhaite bonne chance aux cyclistes , nous serons avec eux !<\/p>\n<p>Tous nos participations sur notre site internet : <a href=\"https:\/\/www.transports-coue.fr\/fr\/actualites\/\" target=\"_blank\" rel=\"noopener\">https:\/\/www.transports-coue.fr\/fr\/actualites\/<\/a><\/p>\n","protected":false},"excerpt":{"rendered":"<p>1\u00e8re \u00e9tape : le prologue Thierry, notre affr\u00e9teur, fait partie des motards officiels des Boucles de La Mayenne. Au d\u00e9part de la course cycliste, la voiture des invit\u00e9s aux couleurs des Transports Cou\u00e9 ! Toute notre \u00e9quipe souhaite bonne chance aux cyclistes , nous serons avec eux ! Tous nos participations sur notre site internet [&hellip;]<\/p>\n","protected":false},"author":2,"featured_media":2142,"comment_status":"closed","ping_status":"open","sticky":false,"template":"","format":"standard","meta":{"om_disable_all_campaigns":false,"_monsterinsights_skip_tracking":false,"_monsterinsights_sitenote_active":false,"_monsterinsights_sitenote_note":"","_monsterinsights_sitenote_category":0,"footnotes":""},"categories":[4,1],"tags":[],"class_list":["post-2135","post","type-post","status-publish","format-standard","has-post-thumbnail","hentry","category-actualites","category-partenariats"],"aioseo_notices":[],"_links":{"self":[{"href":"https:\/\/www.transports-coue.fr\/fr\/wp-json\/wp\/v2\/posts\/2135","targetHints":{"allow":["GET"]}}],"collection":[{"href":"https:\/\/www.transports-coue.fr\/fr\/wp-json\/wp\/v2\/posts"}],"about":[{"href":"https:\/\/www.transports-coue.fr\/fr\/wp-json\/wp\/v2\/types\/post"}],"author":[{"embeddable":true,"href":"https:\/\/www.transports-coue.fr\/fr\/wp-json\/wp\/v2\/users\/2"}],"replies":[{"embeddable":true,"href":"https:\/\/www.transports-coue.fr\/fr\/wp-json\/wp\/v2\/comments?post=2135"}],"version-history":[{"count":9,"href":"https:\/\/www.transports-coue.fr\/fr\/wp-json\/wp\/v2\/posts\/2135\/revisions"}],"predecessor-version":[{"id":5376,"href":"https:\/\/www.transports-coue.fr\/fr\/wp-json\/wp\/v2\/posts\/2135\/revisions\/5376"}],"wp:featuredmedia":[{"embeddable":true,"href":"https:\/\/www.transports-coue.fr\/fr\/wp-json\/wp\/v2\/media\/2142"}],"wp:attachment":[{"href":"https:\/\/www.transports-coue.fr\/fr\/wp-json\/wp\/v2\/media?parent=2135"}],"wp:term":[{"taxonomy":"category","embeddable":true,"href":"https:\/\/www.transports-coue.fr\/fr\/wp-json\/wp\/v2\/categories?post=2135"},{"taxonomy":"post_tag","embeddable":true,"href":"https:\/\/www.transports-coue.fr\/fr\/wp-json\/wp\/v2\/tags?post=2135"}],"curies":[{"name":"wp","href":"https:\/\/api.w.org\/{rel}","templated":true}]}}