{"id":199,"date":"2017-11-17T11:18:47","date_gmt":"2017-11-17T10:18:47","guid":{"rendered":"http:\/\/www2.transports-coue.fr\/fr\/?p=199"},"modified":"2021-05-24T12:45:55","modified_gmt":"2021-05-24T10:45:55","slug":"point-presse-presentation-de-notre-nouvel-entrepot-a-laval","status":"publish","type":"post","link":"https:\/\/www.transports-coue.fr\/fr\/point-presse-presentation-de-notre-nouvel-entrepot-a-laval\/","title":{"rendered":"Point Presse : pr\u00e9sentation de notre nouvel entrep\u00f4t \u00e0 Laval"},"content":{"rendered":"<p><img loading=\"lazy\" decoding=\"async\" class=\"aligncenter wp-image-200 size-full\" src=\"https:\/\/www.transports-coue.fr\/fr\/wp-content\/uploads\/2018\/10\/Unknown-4.png\" alt=\"\" width=\"450\" height=\"600\" srcset=\"https:\/\/www.transports-coue.fr\/wp-content\/uploads\/2018\/10\/Unknown-4.png 450w, https:\/\/www.transports-coue.fr\/wp-content\/uploads\/2018\/10\/Unknown-4-225x300.png 225w\" sizes=\"auto, (max-width: 450px) 100vw, 450px\" \/><\/p>\n<p>Consultez nos activit\u00e9s Logistiques : <a href=\"https:\/\/www.transports-coue.fr\/fr\/logistique\/generale\/\" target=\"_blank\" rel=\"noopener\">https:\/\/www.transports-coue.fr\/fr\/logistique\/generale\/<\/a><\/p>\n","protected":false},"excerpt":{"rendered":"<p>Consultez nos activit\u00e9s Logistiques : https:\/\/www.transports-coue.fr\/fr\/logistique\/generale\/<\/p>\n","protected":false},"author":1,"featured_media":1956,"comment_status":"open","ping_status":"open","sticky":false,"template":"","format":"standard","meta":{"om_disable_all_campaigns":false,"_monsterinsights_skip_tracking":false,"_monsterinsights_sitenote_active":false,"_monsterinsights_sitenote_note":"","_monsterinsights_sitenote_category":0,"footnotes":""},"categories":[4,5,17],"tags":[],"class_list":["post-199","post","type-post","status-publish","format-standard","has-post-thumbnail","hentry","category-actualites","category-developpement","category-developpement-logistique"],"aioseo_notices":[],"_links":{"self":[{"href":"https:\/\/www.transports-coue.fr\/fr\/wp-json\/wp\/v2\/posts\/199","targetHints":{"allow":["GET"]}}],"collection":[{"href":"https:\/\/www.transports-coue.fr\/fr\/wp-json\/wp\/v2\/posts"}],"about":[{"href":"https:\/\/www.transports-coue.fr\/fr\/wp-json\/wp\/v2\/types\/post"}],"author":[{"embeddable":true,"href":"https:\/\/www.transports-coue.fr\/fr\/wp-json\/wp\/v2\/users\/1"}],"replies":[{"embeddable":true,"href":"https:\/\/www.transports-coue.fr\/fr\/wp-json\/wp\/v2\/comments?post=199"}],"version-history":[{"count":7,"href":"https:\/\/www.transports-coue.fr\/fr\/wp-json\/wp\/v2\/posts\/199\/revisions"}],"predecessor-version":[{"id":5402,"href":"https:\/\/www.transports-coue.fr\/fr\/wp-json\/wp\/v2\/posts\/199\/revisions\/5402"}],"wp:featuredmedia":[{"embeddable":true,"href":"https:\/\/www.transports-coue.fr\/fr\/wp-json\/wp\/v2\/media\/1956"}],"wp:attachment":[{"href":"https:\/\/www.transports-coue.fr\/fr\/wp-json\/wp\/v2\/media?parent=199"}],"wp:term":[{"taxonomy":"category","embeddable":true,"href":"https:\/\/www.transports-coue.fr\/fr\/wp-json\/wp\/v2\/categories?post=199"},{"taxonomy":"post_tag","embeddable":true,"href":"https:\/\/www.transports-coue.fr\/fr\/wp-json\/wp\/v2\/tags?post=199"}],"curies":[{"name":"wp","href":"https:\/\/api.w.org\/{rel}","templated":true}]}}