{"id":13464,"date":"2026-01-30T10:16:53","date_gmt":"2026-01-30T09:16:53","guid":{"rendered":"https:\/\/www.transports-coue.fr\/?p=13464"},"modified":"2026-01-30T10:21:29","modified_gmt":"2026-01-30T09:21:29","slug":"13470-tonnes-de-co2-economises-grace-a-nos-transports-en-bio-gnv","status":"publish","type":"post","link":"https:\/\/www.transports-coue.fr\/fr\/13470-tonnes-de-co2-economises-grace-a-nos-transports-en-bio-gnv\/","title":{"rendered":"134,70 tonnes de CO2 \u00e9conomis\u00e9s gr\u00e2ce \u00e0 nos transports en Bio GNV"},"content":{"rendered":"<p data-prosemirror-content-type=\"node\" data-prosemirror-node-name=\"paragraph\" data-prosemirror-node-block=\"true\" data-pm-slice=\"1 1 []\">Le Groupe Cou\u00e9 TRM poursuit concr\u00e8tement sa transition \u00e9nerg\u00e9tique : gr\u00e2ce aux transports effectu\u00e9s en <a href=\"https:\/\/greenly.earth\/blog\/guide-entreprise\/gnv-et-biognv-quelle-promesse\" target=\"_blank\" rel=\"noopener\"><strong>Bio GNV<\/strong><\/a> cette ann\u00e9e, nous avons \u00e9conomis\u00e9 <strong>134,7 tonnes de CO\u2082.<\/strong><\/p>\n<p data-prosemirror-content-type=\"node\" data-prosemirror-node-name=\"paragraph\" data-prosemirror-node-block=\"true\">Un chiffre qui refl\u00e8te une r\u00e9alit\u00e9 terrain :<\/p>\n<ul>\n<li data-prosemirror-content-type=\"node\" data-prosemirror-node-name=\"paragraph\" data-prosemirror-node-block=\"true\">des choix d\u2019investissements durables,<\/li>\n<li data-prosemirror-content-type=\"node\" data-prosemirror-node-name=\"paragraph\" data-prosemirror-node-block=\"true\">des \u00e9quipes engag\u00e9es au quotidien,<\/li>\n<li data-prosemirror-content-type=\"node\" data-prosemirror-node-name=\"paragraph\" data-prosemirror-node-block=\"true\">une volont\u00e9 constante de r\u00e9duire l\u2019empreinte environnementale de nos activit\u00e9s.<\/li>\n<\/ul>\n<p data-prosemirror-content-type=\"node\" data-prosemirror-node-name=\"paragraph\" data-prosemirror-node-block=\"true\">Les chiffres de CO\u2082 \u00e9conomis\u00e9s par nos camions roulant au B100 d&rsquo;Oleo100 sont actuellement en cours de consolidation et viendront compl\u00e9ter prochainement ce bilan.<\/p>\n<p data-prosemirror-content-type=\"node\" data-prosemirror-node-name=\"paragraph\" data-prosemirror-node-block=\"true\">Cette performance s\u2019inscrit dans une trajectoire de transition \u00e9nerg\u00e9tique progressive et ma\u00eetris\u00e9e, au service d\u2019un <strong>transport routier plus durable, sans compromis sur la qualit\u00e9 de service.<\/strong><\/p>\n<p data-prosemirror-content-type=\"node\" data-prosemirror-node-name=\"paragraph\" data-prosemirror-node-block=\"true\">Merci \u00e0 nos collaborateurs, clients et partenaires qui contribuent, chaque jour <strong>\u00e0 faire avancer cette dynamique.<\/p>\n<p>D\u00e9couvrez nos actions en faveur de la protection de l\u2019environnement :<br \/>\n<a href=\"https:\/\/www.transports-coue.fr\/fr\/ges-gaz-a-effet-de-serre-452-tonnes-de-co2-deconomisees\/\" target=\"_blank\" rel=\"noopener\">https:\/\/www.transports-coue.fr\/fr\/ges-gaz-a-effet-de-serre-452-tonnes-de-co2-deconomisees\/<\/a><br \/>\n<a href=\"https:\/\/www.transports-coue.fr\/fr\/nous-poursuivons-notre-transition-energetique\/\" target=\"_blank\" rel=\"noopener\">https:\/\/www.transports-coue.fr\/fr\/nous-poursuivons-notre-transition-energetique\/<\/a><br \/>\n<a href=\"https:\/\/www.transports-coue.fr\/fr\/nos-camions-gaz-gnc-ont-economises-132-tonnes-de-co2-en-2023\/\" target=\"_blank\" rel=\"noopener\">https:\/\/www.transports-coue.fr\/fr\/nos-camions-gaz-gnc-ont-economises-132-tonnes-de-co2-en-2023\/<\/a><br \/>\n<a href=\"https:\/\/www.transports-coue.fr\/fr\/nos-retours-dexperience-sur-la-gestion-du-stockage-des-matieres-dangereuses\/\" target=\"_blank\" rel=\"noopener\">https:\/\/www.transports-coue.fr\/fr\/nos-retours-dexperience-sur-la-gestion-du-stockage-des-matieres-dangereuses\/<\/a><br \/>\n<a href=\"https:\/\/www.transports-coue.fr\/fr\/nos-entites-trm-tcm-chartees-objectif-co2\/\" target=\"_blank\" rel=\"noopener\">https:\/\/www.transports-coue.fr\/fr\/nos-entites-trm-tcm-chartees-objectif-co2\/<\/a><br \/>\n<a href=\"https:\/\/www.transports-coue.fr\/fr\/installation-dune-cuve-au-biocarburant-oleo100\/\" target=\"_blank\" rel=\"noopener\">https:\/\/www.transports-coue.fr\/fr\/installation-dune-cuve-au-biocarburant-oleo100\/<\/a><br \/>\n<a href=\"https:\/\/www.transports-coue.fr\/fr\/transports-coue-labellises-transport-logistique-responsables\/\" target=\"_blank\" rel=\"noopener\">https:\/\/www.transports-coue.fr\/fr\/transports-coue-labellises-transport-logistique-responsables\/<\/a><br \/>\n<a href=\"https:\/\/www.transports-coue.fr\/fr\/les-camions-transports-coue-et-trm-roulent-au-bio-gaz\/\" target=\"_blank\" rel=\"noopener\">https:\/\/www.transports-coue.fr\/fr\/les-camions-transports-coue-et-trm-roulent-au-bio-gaz\/<\/a><br \/>\n<\/strong><\/p>\n<p data-prosemirror-content-type=\"node\" data-prosemirror-node-name=\"paragraph\" data-prosemirror-node-block=\"true\">#BioGNV #TransportResponsable #ObjectifCO2 #Transition\u00c9nerg\u00e9tique #LogistiqueDurable #GroupeCou\u00e9TRM<\/p>\n","protected":false},"excerpt":{"rendered":"<p>Le Groupe Cou\u00e9 TRM poursuit concr\u00e8tement sa transition \u00e9nerg\u00e9tique : gr\u00e2ce aux transports effectu\u00e9s en Bio GNV cette ann\u00e9e, nous avons \u00e9conomis\u00e9 134,7 tonnes de CO\u2082. Un chiffre qui refl\u00e8te une r\u00e9alit\u00e9 terrain : des choix d\u2019investissements durables, des \u00e9quipes engag\u00e9es au quotidien, une volont\u00e9 constante de r\u00e9duire l\u2019empreinte environnementale de nos activit\u00e9s. Les chiffres [&hellip;]<\/p>\n","protected":false},"author":2,"featured_media":13468,"comment_status":"closed","ping_status":"open","sticky":false,"template":"","format":"standard","meta":{"om_disable_all_campaigns":false,"_monsterinsights_skip_tracking":false,"_monsterinsights_sitenote_active":false,"_monsterinsights_sitenote_note":"","_monsterinsights_sitenote_category":0,"footnotes":""},"categories":[4,5],"tags":[],"class_list":["post-13464","post","type-post","status-publish","format-standard","has-post-thumbnail","hentry","category-actualites","category-developpement"],"aioseo_notices":[],"_links":{"self":[{"href":"https:\/\/www.transports-coue.fr\/fr\/wp-json\/wp\/v2\/posts\/13464","targetHints":{"allow":["GET"]}}],"collection":[{"href":"https:\/\/www.transports-coue.fr\/fr\/wp-json\/wp\/v2\/posts"}],"about":[{"href":"https:\/\/www.transports-coue.fr\/fr\/wp-json\/wp\/v2\/types\/post"}],"author":[{"embeddable":true,"href":"https:\/\/www.transports-coue.fr\/fr\/wp-json\/wp\/v2\/users\/2"}],"replies":[{"embeddable":true,"href":"https:\/\/www.transports-coue.fr\/fr\/wp-json\/wp\/v2\/comments?post=13464"}],"version-history":[{"count":1,"href":"https:\/\/www.transports-coue.fr\/fr\/wp-json\/wp\/v2\/posts\/13464\/revisions"}],"predecessor-version":[{"id":13467,"href":"https:\/\/www.transports-coue.fr\/fr\/wp-json\/wp\/v2\/posts\/13464\/revisions\/13467"}],"wp:featuredmedia":[{"embeddable":true,"href":"https:\/\/www.transports-coue.fr\/fr\/wp-json\/wp\/v2\/media\/13468"}],"wp:attachment":[{"href":"https:\/\/www.transports-coue.fr\/fr\/wp-json\/wp\/v2\/media?parent=13464"}],"wp:term":[{"taxonomy":"category","embeddable":true,"href":"https:\/\/www.transports-coue.fr\/fr\/wp-json\/wp\/v2\/categories?post=13464"},{"taxonomy":"post_tag","embeddable":true,"href":"https:\/\/www.transports-coue.fr\/fr\/wp-json\/wp\/v2\/tags?post=13464"}],"curies":[{"name":"wp","href":"https:\/\/api.w.org\/{rel}","templated":true}]}}