{"id":13457,"date":"2026-01-27T09:33:05","date_gmt":"2026-01-27T08:33:05","guid":{"rendered":"https:\/\/www.transports-coue.fr\/?p=13457"},"modified":"2026-01-27T09:33:06","modified_gmt":"2026-01-27T08:33:06","slug":"groupe-coue-trm-engage-dans-la-semaine-ecole-entreprise-creer-du-lien-et-partager-nos-metiers-avec-les-talents-de-demain","status":"publish","type":"post","link":"https:\/\/www.transports-coue.fr\/fr\/groupe-coue-trm-engage-dans-la-semaine-ecole-entreprise-creer-du-lien-et-partager-nos-metiers-avec-les-talents-de-demain\/","title":{"rendered":"Groupe Cou\u00e9 TRM engag\u00e9 dans la Semaine Ecole Entreprise : cr\u00e9er du lien et partager nos m\u00e9tiers avec les talents de demain"},"content":{"rendered":"<p data-prosemirror-content-type=\"node\" data-prosemirror-node-name=\"paragraph\" data-prosemirror-node-block=\"true\" data-pm-slice=\"1 1 []\"><strong>Participation \u00e0 la <a href=\"https:\/\/www.education.gouv.fr\/semaine-ecole-entreprise-7550\" target=\"_blank\" rel=\"noopener\">Semaine \u00c9cole-Entreprise<\/a><\/strong><\/p>\n<p data-prosemirror-content-type=\"node\" data-prosemirror-node-name=\"paragraph\" data-prosemirror-node-block=\"true\">Cr\u00e9er des passerelles entre le monde professionnel et celui de l\u2019enseignement, partager notre exp\u00e9rience et susciter des vocations : tels sont les objectifs de la Semaine \u00c9cole-Entreprise : <strong data-prosemirror-content-type=\"mark\" data-prosemirror-mark-name=\"strong\">un temps fort d\u00e9di\u00e9 \u00e0 l\u2019orientation et aux \u00e9changes avec les jeunes<\/strong>.<\/p>\n<p data-prosemirror-content-type=\"node\" data-prosemirror-node-name=\"paragraph\" data-prosemirror-node-block=\"true\">Dans ce cadre, nous sommes engag\u00e9s aux c\u00f4t\u00e9s du <a href=\"https:\/\/www.medef-mayenne.com\/fr\/\" target=\"_blank\" rel=\"noopener\">MEDEF Mayenne<\/a>, du <a href=\"https:\/\/www.linkedin.com\/company\/centre-des-jeunes-dirigeants-de-la-mayenne\/\" target=\"_blank\" rel=\"noopener\">CJD<\/a>, de la <a href=\"https:\/\/lannuaire.service-public.gouv.fr\/navigation\/inspection_academique\" target=\"_blank\" rel=\"noopener\">DSDEN<\/a> et de la <a href=\"https:\/\/enseignement-catholique.fr\/\" target=\"_blank\" rel=\"noopener\">DDEC<\/a> pour aller \u00e0 la rencontre des lyc\u00e9ens et leur faire d\u00e9couvrir les m\u00e9tiers du <strong>transport<\/strong> et de <strong>la logistique<\/strong>.<\/p>\n<ul>\n<li data-prosemirror-content-type=\"node\" data-prosemirror-node-name=\"paragraph\" data-prosemirror-node-block=\"true\">Une 1\u00e8re rencontre a eu lieu le 20 janvier au lyc\u00e9e Haute-Follis \u00e0 Laval, aupr\u00e8s des \u00e9l\u00e8ves de 1re STMG.<\/li>\n<li data-prosemirror-content-type=\"node\" data-prosemirror-node-name=\"paragraph\" data-prosemirror-node-block=\"true\">Une 2nde est pr\u00e9vue le 13 f\u00e9vrier au lyc\u00e9e R\u00e9aumur \u00e0 Laval, aupr\u00e8s des Terminales STI2D.<\/li>\n<\/ul>\n<p data-prosemirror-content-type=\"node\" data-prosemirror-node-name=\"paragraph\" data-prosemirror-node-block=\"true\">Des actions concr\u00e8tes pour r\u00e9pondre aux attentes des talents de demain.<\/p>\n<p>D\u00e9couvrez nos articles sur nos diff\u00e9rentes d\u00e9marches pour une meilleure connaissance du monde du Transport Routier et de la Logistique aupr\u00e8s des \u00e9l\u00e8ves et \u00e9tudiants :<br \/>\n<a href=\"https:\/\/www.transports-coue.fr\/fr\/visite-de-nos-sites-par-de-futurs-pros-du-transport\/\" target=\"_blank\" rel=\"noopener\">https:\/\/www.transports-coue.fr\/fr\/visite-de-nos-sites-par-de-futurs-pros-du-transport\/<\/a><br \/>\n<a href=\"https:\/\/www.transports-coue.fr\/fr\/nos-jeunes-diplomes-et-nouveaux-alternants-mis-a-lhonneur-pour-leur-parcours-en-transport-logistique\/\">https:\/\/www.transports-coue.fr\/fr\/nos-jeunes-diplomes-et-nouveaux-alternants-mis-a-lhonneur-pour-leur-parcours-en-transport-logistique\/<\/a><br \/>\n<a href=\"https:\/\/www.transports-coue.fr\/fr\/2-de-nos-collaborateurs-aurelien-jerome-dans-lofficiel-des-transporteurs\/\" target=\"_blank\" rel=\"noopener\">https:\/\/www.transports-coue.fr\/fr\/2-de-nos-collaborateurs-aurelien-jerome-dans-lofficiel-des-transporteurs\/<\/a><br \/>\n<a href=\"https:\/\/www.transports-coue.fr\/fr\/nos-alternants-diplomes-une-belle-reussite\/\" target=\"_blank\" rel=\"noopener\">https:\/\/www.transports-coue.fr\/fr\/nos-alternants-diplomes-une-belle-reussite\/<\/a><br \/>\n<a href=\"https:\/\/www.transports-coue.fr\/fr\/une-journee-dechanges-avec-les-1eres-annees-du-bts-gtla-de-laval-53-mayenne\" target=\"_blank\" rel=\"noopener\">https:\/\/www.transports-coue.fr\/fr\/une-journee-dechanges-avec-les-1eres-annees-du-bts-gtla-de-laval-53-mayenne<\/a><br \/>\n<a href=\"https:\/\/www.transports-coue.fr\/fr\/visite-de-notre-entrepot-icpe-par-la-seconde-bac-pro-logistique-du-lycee-pierre-marie-curie-de-chateau-gontier-53\/\" target=\"_blank\" rel=\"noopener\">https:\/\/www.transports-coue.fr\/fr\/visite-de-notre-entrepot-icpe-par-la-seconde-bac-pro-logistique-du-lycee-pierre-marie-curie-de-chateau-gontier-53\/<\/a><br \/>\n<a href=\"https:\/\/www.transports-coue.fr\/fr\/retour-de-nos-salaries-dans-leur-lycee-pour-partager-leur-experience-du-transport-routier\/\" target=\"_blank\" rel=\"noopener\">https:\/\/www.transports-coue.fr\/fr\/retour-de-nos-salaries-dans-leur-lycee-pour-partager-leur-experience-du-transport-routier\/<\/a><br \/>\n<a href=\"https:\/\/www.transports-coue.fr\/fr\/promouvoir-nos-metiers-du-transport-routier-et-de-la-logistique\/\" target=\"_blank\" rel=\"noopener\">https:\/\/www.transports-coue.fr\/fr\/promouvoir-nos-metiers-du-transport-routier-et-de-la-logistique\/<\/a><br \/>\n<a href=\"https:\/\/www.transports-coue.fr\/fr\/accueil-dune-classe-de-seconde-bac-pro-transport-du-lycee-leonard-de-vinci-a-mayenne-53\/\" target=\"_blank\" rel=\"noopener\">https:\/\/www.transports-coue.fr\/fr\/accueil-dune-classe-de-seconde-bac-pro-transport-du-lycee-leonard-de-vinci-a-mayenne-53\/<\/a><br \/>\n<a href=\"https:\/\/www.transports-coue.fr\/fr\/notre-equipe-rh-prepare-des-terminales-aux-entretiens-pour-obtenir-un-job-ou-un-stage\/\" target=\"_blank\" rel=\"noopener\">https:\/\/www.transports-coue.fr\/fr\/notre-equipe-rh-prepare-des-terminales-aux-entretiens-pour-obtenir-un-job-ou-un-stage\/<\/a><br \/>\n<a href=\"https:\/\/www.transports-coue.fr\/fr\/presentations-et-echanges-sur-nos-metiers-du-transport-et-de-la-logistique-dans-un-college-et-lycee-bac-pro\/\" target=\"_blank\" rel=\"noopener\">https:\/\/www.transports-coue.fr\/fr\/presentations-et-echanges-sur-nos-metiers-du-transport-et-de-la-logistique-dans-un-college-et-lycee-bac-pro\/<\/a><br \/>\n<a href=\"https:\/\/www.transports-coue.fr\/fr\/presentation-de-nos-metiers-aux-collegiens\/\" target=\"_blank\" rel=\"noopener\">https:\/\/www.transports-coue.fr\/fr\/presentation-de-nos-metiers-aux-collegiens\/<\/a><br \/>\n<a href=\"https:\/\/www.transports-coue.fr\/fr\/8-lyceens-en-bac-pro-ctrm-sexercent-a-realiser-des-mises-a-quai-a-notre-logistique\/\" target=\"_blank\" rel=\"noopener\">https:\/\/www.transports-coue.fr\/fr\/8-lyceens-en-bac-pro-ctrm-sexercent-a-realiser-des-mises-a-quai-a-notre-logistique\/<\/a><br \/>\n<a href=\"https:\/\/www.transports-coue.fr\/fr\/le-lycee-don-bosco-visite-notre-port-sec-tcm\/\" target=\"_blank\" rel=\"noopener\">https:\/\/www.transports-coue.fr\/fr\/le-lycee-don-bosco-visite-notre-port-sec-tcm\/<\/a><br \/>\n<a href=\"https:\/\/www.transports-coue.fr\/fr\/laftral-profite-des-quais-de-notre-plateforme-logistique-pour-realiser-des-manoeuvres\/\" target=\"_blank\" rel=\"noopener\">https:\/\/www.transports-coue.fr\/fr\/laftral-profite-des-quais-de-notre-plateforme-logistique-pour-realiser-des-manoeuvres\/<\/a><br \/>\n<a href=\"https:\/\/www.transports-coue.fr\/fr\/stephane-un-de-nos-conducteurs-presente-son-metier-a-des-eleves-de-primaire\/\" target=\"_blank\" rel=\"noopener\">https:\/\/www.transports-coue.fr\/fr\/stephane-un-de-nos-conducteurs-presente-son-metier-a-des-eleves-de-primaire\/<\/a><br \/>\n<a href=\"https:\/\/www.transports-coue.fr\/fr\/glenn-un-de-nos-conducteurs-presente-son-camion-a-une-classe-de-maternelle-a-laval\/\" target=\"_blank\" rel=\"noopener\">https:\/\/www.transports-coue.fr\/fr\/glenn-un-de-nos-conducteurs-presente-son-camion-a-une-classe-de-maternelle-a-laval\/<\/a><br \/>\n<a href=\"https:\/\/www.transports-coue.fr\/fr\/formation-aftral-a-lentrepot-des-transports-coue\/\" target=\"_blank\" rel=\"noopener\">https:\/\/www.transports-coue.fr\/fr\/formation-aftral-a-lentrepot-des-transports-coue\/<\/a><br \/>\n<a href=\"https:\/\/www.transports-coue.fr\/fr\/transports-coue-a-remis-une-remorque-tautliner-aux-lyceens-bac-pro-conducteur-transport-routier-a-mayenne\/\" target=\"_blank\" rel=\"noopener\">https:\/\/www.transports-coue.fr\/fr\/transports-coue-a-remis-une-remorque-tautliner-aux-lyceens-bac-pro-conducteur-transport-routier-a-mayenne\/<\/a><\/p>\n<p data-prosemirror-content-type=\"node\" data-prosemirror-node-name=\"paragraph\" data-prosemirror-node-block=\"true\">#SemaineEcoleEntreprise #Transmission #Orientation #Transport #Logistique #MEDEFMayenne<\/p>\n","protected":false},"excerpt":{"rendered":"<p>Participation \u00e0 la Semaine \u00c9cole-Entreprise Cr\u00e9er des passerelles entre le monde professionnel et celui de l\u2019enseignement, partager notre exp\u00e9rience et susciter des vocations : tels sont les objectifs de la Semaine \u00c9cole-Entreprise : un temps fort d\u00e9di\u00e9 \u00e0 l\u2019orientation et aux \u00e9changes avec les jeunes. Dans ce cadre, nous sommes engag\u00e9s aux c\u00f4t\u00e9s du MEDEF [&hellip;]<\/p>\n","protected":false},"author":2,"featured_media":13459,"comment_status":"closed","ping_status":"open","sticky":false,"template":"","format":"standard","meta":{"om_disable_all_campaigns":false,"_monsterinsights_skip_tracking":false,"_monsterinsights_sitenote_active":false,"_monsterinsights_sitenote_note":"","_monsterinsights_sitenote_category":0,"footnotes":""},"categories":[4,6],"tags":[],"class_list":["post-13457","post","type-post","status-publish","format-standard","has-post-thumbnail","hentry","category-actualites","category-evenements"],"aioseo_notices":[],"_links":{"self":[{"href":"https:\/\/www.transports-coue.fr\/fr\/wp-json\/wp\/v2\/posts\/13457","targetHints":{"allow":["GET"]}}],"collection":[{"href":"https:\/\/www.transports-coue.fr\/fr\/wp-json\/wp\/v2\/posts"}],"about":[{"href":"https:\/\/www.transports-coue.fr\/fr\/wp-json\/wp\/v2\/types\/post"}],"author":[{"embeddable":true,"href":"https:\/\/www.transports-coue.fr\/fr\/wp-json\/wp\/v2\/users\/2"}],"replies":[{"embeddable":true,"href":"https:\/\/www.transports-coue.fr\/fr\/wp-json\/wp\/v2\/comments?post=13457"}],"version-history":[{"count":3,"href":"https:\/\/www.transports-coue.fr\/fr\/wp-json\/wp\/v2\/posts\/13457\/revisions"}],"predecessor-version":[{"id":13462,"href":"https:\/\/www.transports-coue.fr\/fr\/wp-json\/wp\/v2\/posts\/13457\/revisions\/13462"}],"wp:featuredmedia":[{"embeddable":true,"href":"https:\/\/www.transports-coue.fr\/fr\/wp-json\/wp\/v2\/media\/13459"}],"wp:attachment":[{"href":"https:\/\/www.transports-coue.fr\/fr\/wp-json\/wp\/v2\/media?parent=13457"}],"wp:term":[{"taxonomy":"category","embeddable":true,"href":"https:\/\/www.transports-coue.fr\/fr\/wp-json\/wp\/v2\/categories?post=13457"},{"taxonomy":"post_tag","embeddable":true,"href":"https:\/\/www.transports-coue.fr\/fr\/wp-json\/wp\/v2\/tags?post=13457"}],"curies":[{"name":"wp","href":"https:\/\/api.w.org\/{rel}","templated":true}]}}