{"id":13024,"date":"2025-12-12T16:04:56","date_gmt":"2025-12-12T15:04:56","guid":{"rendered":"https:\/\/www.transports-coue.fr\/?p=13024"},"modified":"2025-12-12T16:04:57","modified_gmt":"2025-12-12T15:04:57","slug":"visite-de-nos-sites-par-de-futurs-pros-du-transport","status":"publish","type":"post","link":"https:\/\/www.transports-coue.fr\/fr\/visite-de-nos-sites-par-de-futurs-pros-du-transport\/","title":{"rendered":"Visite de nos sites par de futurs pros du Transport !"},"content":{"rendered":"<p>Les 2 et 9 d\u00e9cembre, nous avons eu le plaisir d&rsquo;accueillir sur nos sites TRM, ELM et au port sec, la classe de 1\u00e8re CTRM, Conducteur de Transport Routier de Marchandises, du <a href=\"https:\/\/vinci-mayenne.paysdelaloire.e-lyco.fr\/\" target=\"_blank\" rel=\"noopener\">Lyc\u00e9e L\u00e9onard De Vinci \u00e0 Mayenne<\/a>.<\/p>\n<p>Encadr\u00e9s par David, Formateur du Groupe Cou\u00e9, et Gr\u00e9gory, Responsable Exploitation, les \u00e9l\u00e8ves ont pu d\u00e9couvrir :<\/p>\n<ul>\n<li>l\u2019environnement r\u00e9el du transport routier,<\/li>\n<li>nos camions et \u00e9quipements,<\/li>\n<li>les m\u00e9tiers qui font vivre la cha\u00eene logistique,<\/li>\n<li>ainsi que les bonnes pratiques op\u00e9rationnelles et de s\u00e9curit\u00e9.<\/li>\n<\/ul>\n<p>Un moment d\u2019\u00e9changes privil\u00e9gi\u00e9s pour ces jeunes passionn\u00e9s, futurs professionnels du secteur qui se f\u00e9minise, immerg\u00e9s au plus pr\u00e8s de notre quotidien.<\/p>\n<p>Un grand merci \u00e0 Pascal qui a pr\u00e9sent\u00e9 notre port sec et son mat\u00e9riel avec p\u00e9dagogie et enthousiasme\u00a0! Merci \u00e9galement \u00e0 l\u2019ensemble de nos \u00e9quipes pour l\u2019accueil chaleureux r\u00e9serv\u00e9 aux \u00e9tudiants.<\/p>\n<p>Bravo aux \u00e9l\u00e8ves pour leur curiosit\u00e9, leur s\u00e9rieux\u2026 et leur bonne humeur !<\/p>\n<p>D\u00e9couvrez nos articles sur nos diff\u00e9rentes d\u00e9marches pour une meilleure connaissance du monde du Transport Routier et de la Logistique aupr\u00e8s des \u00e9l\u00e8ves et \u00e9tudiants :<br \/>\n<a href=\"https:\/\/www.transports-coue.fr\/fr\/nos-jeunes-diplomes-et-nouveaux-alternants-mis-a-lhonneur-pour-leur-parcours-en-transport-logistique\/\">https:\/\/www.transports-coue.fr\/fr\/nos-jeunes-diplomes-et-nouveaux-alternants-mis-a-lhonneur-pour-leur-parcours-en-transport-logistique\/<\/a><br \/>\n<a href=\"https:\/\/www.transports-coue.fr\/fr\/2-de-nos-collaborateurs-aurelien-jerome-dans-lofficiel-des-transporteurs\/\" target=\"_blank\" rel=\"noopener\">https:\/\/www.transports-coue.fr\/fr\/2-de-nos-collaborateurs-aurelien-jerome-dans-lofficiel-des-transporteurs\/<\/a><br \/>\n<a href=\"https:\/\/www.transports-coue.fr\/fr\/nos-alternants-diplomes-une-belle-reussite\/\" target=\"_blank\" rel=\"noopener\">https:\/\/www.transports-coue.fr\/fr\/nos-alternants-diplomes-une-belle-reussite\/<\/a><br \/>\n<a href=\"https:\/\/www.transports-coue.fr\/fr\/une-journee-dechanges-avec-les-1eres-annees-du-bts-gtla-de-laval-53-mayenne\" target=\"_blank\" rel=\"noopener\">https:\/\/www.transports-coue.fr\/fr\/une-journee-dechanges-avec-les-1eres-annees-du-bts-gtla-de-laval-53-mayenne<\/a><br \/>\n<a href=\"https:\/\/www.transports-coue.fr\/fr\/visite-de-notre-entrepot-icpe-par-la-seconde-bac-pro-logistique-du-lycee-pierre-marie-curie-de-chateau-gontier-53\/\" target=\"_blank\" rel=\"noopener\">https:\/\/www.transports-coue.fr\/fr\/visite-de-notre-entrepot-icpe-par-la-seconde-bac-pro-logistique-du-lycee-pierre-marie-curie-de-chateau-gontier-53\/<\/a><br \/>\n<a href=\"https:\/\/www.transports-coue.fr\/fr\/retour-de-nos-salaries-dans-leur-lycee-pour-partager-leur-experience-du-transport-routier\/\" target=\"_blank\" rel=\"noopener\">https:\/\/www.transports-coue.fr\/fr\/retour-de-nos-salaries-dans-leur-lycee-pour-partager-leur-experience-du-transport-routier\/<\/a><br \/>\n<a href=\"https:\/\/www.transports-coue.fr\/fr\/promouvoir-nos-metiers-du-transport-routier-et-de-la-logistique\/\" target=\"_blank\" rel=\"noopener\">https:\/\/www.transports-coue.fr\/fr\/promouvoir-nos-metiers-du-transport-routier-et-de-la-logistique\/<\/a><br \/>\n<a href=\"https:\/\/www.transports-coue.fr\/fr\/accueil-dune-classe-de-seconde-bac-pro-transport-du-lycee-leonard-de-vinci-a-mayenne-53\/\" target=\"_blank\" rel=\"noopener\">https:\/\/www.transports-coue.fr\/fr\/accueil-dune-classe-de-seconde-bac-pro-transport-du-lycee-leonard-de-vinci-a-mayenne-53\/<\/a><br \/>\n<a href=\"https:\/\/www.transports-coue.fr\/fr\/notre-equipe-rh-prepare-des-terminales-aux-entretiens-pour-obtenir-un-job-ou-un-stage\/\" target=\"_blank\" rel=\"noopener\">https:\/\/www.transports-coue.fr\/fr\/notre-equipe-rh-prepare-des-terminales-aux-entretiens-pour-obtenir-un-job-ou-un-stage\/<\/a><br \/>\n<a href=\"https:\/\/www.transports-coue.fr\/fr\/presentations-et-echanges-sur-nos-metiers-du-transport-et-de-la-logistique-dans-un-college-et-lycee-bac-pro\/\" target=\"_blank\" rel=\"noopener\">https:\/\/www.transports-coue.fr\/fr\/presentations-et-echanges-sur-nos-metiers-du-transport-et-de-la-logistique-dans-un-college-et-lycee-bac-pro\/<\/a><br \/>\n<a href=\"https:\/\/www.transports-coue.fr\/fr\/presentation-de-nos-metiers-aux-collegiens\/\" target=\"_blank\" rel=\"noopener\">https:\/\/www.transports-coue.fr\/fr\/presentation-de-nos-metiers-aux-collegiens\/<\/a><br \/>\n<a href=\"https:\/\/www.transports-coue.fr\/fr\/8-lyceens-en-bac-pro-ctrm-sexercent-a-realiser-des-mises-a-quai-a-notre-logistique\/\" target=\"_blank\" rel=\"noopener\">https:\/\/www.transports-coue.fr\/fr\/8-lyceens-en-bac-pro-ctrm-sexercent-a-realiser-des-mises-a-quai-a-notre-logistique\/<\/a><br \/>\n<a href=\"https:\/\/www.transports-coue.fr\/fr\/le-lycee-don-bosco-visite-notre-port-sec-tcm\/\" target=\"_blank\" rel=\"noopener\">https:\/\/www.transports-coue.fr\/fr\/le-lycee-don-bosco-visite-notre-port-sec-tcm\/<\/a><br \/>\n<a href=\"https:\/\/www.transports-coue.fr\/fr\/laftral-profite-des-quais-de-notre-plateforme-logistique-pour-realiser-des-manoeuvres\/\" target=\"_blank\" rel=\"noopener\">https:\/\/www.transports-coue.fr\/fr\/laftral-profite-des-quais-de-notre-plateforme-logistique-pour-realiser-des-manoeuvres\/<\/a><br \/>\n<a href=\"https:\/\/www.transports-coue.fr\/fr\/stephane-un-de-nos-conducteurs-presente-son-metier-a-des-eleves-de-primaire\/\" target=\"_blank\" rel=\"noopener\">https:\/\/www.transports-coue.fr\/fr\/stephane-un-de-nos-conducteurs-presente-son-metier-a-des-eleves-de-primaire\/<\/a><br \/>\n<a href=\"https:\/\/www.transports-coue.fr\/fr\/glenn-un-de-nos-conducteurs-presente-son-camion-a-une-classe-de-maternelle-a-laval\/\" target=\"_blank\" rel=\"noopener\">https:\/\/www.transports-coue.fr\/fr\/glenn-un-de-nos-conducteurs-presente-son-camion-a-une-classe-de-maternelle-a-laval\/<\/a><br \/>\n<a href=\"https:\/\/www.transports-coue.fr\/fr\/formation-aftral-a-lentrepot-des-transports-coue\/\" target=\"_blank\" rel=\"noopener\">https:\/\/www.transports-coue.fr\/fr\/formation-aftral-a-lentrepot-des-transports-coue\/<\/a><br \/>\n<a href=\"https:\/\/www.transports-coue.fr\/fr\/transports-coue-a-remis-une-remorque-tautliner-aux-lyceens-bac-pro-conducteur-transport-routier-a-mayenne\/\" target=\"_blank\" rel=\"noopener\">https:\/\/www.transports-coue.fr\/fr\/transports-coue-a-remis-une-remorque-tautliner-aux-lyceens-bac-pro-conducteur-transport-routier-a-mayenne\/<\/a><br \/>\n<a href=\"https:\/\/www.transports-coue.fr\/fr\/transports-coue-accueillent-4-etudiants-en-iut-gestion-et-logistique-le-24-octovre-2018\/\" target=\"_blank\" rel=\"noopener\">https:\/\/www.transports-coue.fr\/fr\/transports-coue-accueillent-4-etudiants-en-iut-gestion-et-logistique-le-24-octovre-2018\/<\/a><\/p>\n<p><img loading=\"lazy\" decoding=\"async\" class=\"alignnone size-large wp-image-13020\" src=\"https:\/\/www.transports-coue.fr\/wp-content\/uploads\/2025\/12\/WhatsApp-Image-2025-12-10-at-08.43.42-3-1030x772.webp\" alt=\"\u00c9tudiants en formation transport et logistique posant devant un camion TRM du groupe Cou\u00e9 lors d\u2019une immersion terrain\" width=\"1030\" height=\"772\" srcset=\"https:\/\/www.transports-coue.fr\/wp-content\/uploads\/2025\/12\/WhatsApp-Image-2025-12-10-at-08.43.42-3-1030x772.webp 1030w, https:\/\/www.transports-coue.fr\/wp-content\/uploads\/2025\/12\/WhatsApp-Image-2025-12-10-at-08.43.42-3-300x225.webp 300w, https:\/\/www.transports-coue.fr\/wp-content\/uploads\/2025\/12\/WhatsApp-Image-2025-12-10-at-08.43.42-3-80x60.webp 80w, https:\/\/www.transports-coue.fr\/wp-content\/uploads\/2025\/12\/WhatsApp-Image-2025-12-10-at-08.43.42-3-768x576.webp 768w, https:\/\/www.transports-coue.fr\/wp-content\/uploads\/2025\/12\/WhatsApp-Image-2025-12-10-at-08.43.42-3-705x529.webp 705w, https:\/\/www.transports-coue.fr\/wp-content\/uploads\/2025\/12\/WhatsApp-Image-2025-12-10-at-08.43.42-3.webp 1067w\" sizes=\"auto, (max-width: 1030px) 100vw, 1030px\" \/><\/p>\n<p><img loading=\"lazy\" decoding=\"async\" class=\"alignnone size-full wp-image-13018\" src=\"https:\/\/www.transports-coue.fr\/wp-content\/uploads\/2025\/12\/groupe-coue-trm-etudiant-ctrm-leonard-vinci-mayenne-1.webp\" alt=\"Groupe d\u2019\u00e9tudiants en gilets haute visibilit\u00e9 devant un camion du groupe Cou\u00e9 TRM lors d\u2019une visite transport routier\" width=\"600\" height=\"800\" srcset=\"https:\/\/www.transports-coue.fr\/wp-content\/uploads\/2025\/12\/groupe-coue-trm-etudiant-ctrm-leonard-vinci-mayenne-1.webp 600w, https:\/\/www.transports-coue.fr\/wp-content\/uploads\/2025\/12\/groupe-coue-trm-etudiant-ctrm-leonard-vinci-mayenne-1-225x300.webp 225w, https:\/\/www.transports-coue.fr\/wp-content\/uploads\/2025\/12\/groupe-coue-trm-etudiant-ctrm-leonard-vinci-mayenne-1-60x80.webp 60w, https:\/\/www.transports-coue.fr\/wp-content\/uploads\/2025\/12\/groupe-coue-trm-etudiant-ctrm-leonard-vinci-mayenne-1-529x705.webp 529w\" sizes=\"auto, (max-width: 600px) 100vw, 600px\" \/><\/p>\n<p><img loading=\"lazy\" decoding=\"async\" class=\"alignnone size-large wp-image-13014\" src=\"https:\/\/www.transports-coue.fr\/wp-content\/uploads\/2025\/12\/groupe-coue-trm-etudiant-ctrm-leonard-vinci-mayenne-4-772x1030.webp\" alt=\"Groupe d\u2019\u00e9tudiants d\u00e9couvrant les m\u00e9tiers du transport routier aux c\u00f4t\u00e9s d\u2019un camion du groupe Cou\u00e9 TRM\" width=\"772\" height=\"1030\" srcset=\"https:\/\/www.transports-coue.fr\/wp-content\/uploads\/2025\/12\/groupe-coue-trm-etudiant-ctrm-leonard-vinci-mayenne-4-772x1030.webp 772w, https:\/\/www.transports-coue.fr\/wp-content\/uploads\/2025\/12\/groupe-coue-trm-etudiant-ctrm-leonard-vinci-mayenne-4-225x300.webp 225w, https:\/\/www.transports-coue.fr\/wp-content\/uploads\/2025\/12\/groupe-coue-trm-etudiant-ctrm-leonard-vinci-mayenne-4-60x80.webp 60w, https:\/\/www.transports-coue.fr\/wp-content\/uploads\/2025\/12\/groupe-coue-trm-etudiant-ctrm-leonard-vinci-mayenne-4-768x1024.webp 768w, https:\/\/www.transports-coue.fr\/wp-content\/uploads\/2025\/12\/groupe-coue-trm-etudiant-ctrm-leonard-vinci-mayenne-4-529x705.webp 529w, https:\/\/www.transports-coue.fr\/wp-content\/uploads\/2025\/12\/groupe-coue-trm-etudiant-ctrm-leonard-vinci-mayenne-4.webp 800w\" sizes=\"auto, (max-width: 772px) 100vw, 772px\" \/><\/p>\n<p><img loading=\"lazy\" decoding=\"async\" class=\"alignnone size-large wp-image-13016\" src=\"https:\/\/www.transports-coue.fr\/wp-content\/uploads\/2025\/12\/groupe-coue-trm-etudiant-ctrm-leonard-vinci-mayenne-3-772x1030.webp\" alt=\"\u00c9tudiants en formation transport posant sur un engin de manutention reach steaker Fenwick lors d\u2019une visite logistique professionnelle\" width=\"772\" height=\"1030\" srcset=\"https:\/\/www.transports-coue.fr\/wp-content\/uploads\/2025\/12\/groupe-coue-trm-etudiant-ctrm-leonard-vinci-mayenne-3-772x1030.webp 772w, https:\/\/www.transports-coue.fr\/wp-content\/uploads\/2025\/12\/groupe-coue-trm-etudiant-ctrm-leonard-vinci-mayenne-3-225x300.webp 225w, https:\/\/www.transports-coue.fr\/wp-content\/uploads\/2025\/12\/groupe-coue-trm-etudiant-ctrm-leonard-vinci-mayenne-3-60x80.webp 60w, https:\/\/www.transports-coue.fr\/wp-content\/uploads\/2025\/12\/groupe-coue-trm-etudiant-ctrm-leonard-vinci-mayenne-3-768x1024.webp 768w, https:\/\/www.transports-coue.fr\/wp-content\/uploads\/2025\/12\/groupe-coue-trm-etudiant-ctrm-leonard-vinci-mayenne-3-529x705.webp 529w, https:\/\/www.transports-coue.fr\/wp-content\/uploads\/2025\/12\/groupe-coue-trm-etudiant-ctrm-leonard-vinci-mayenne-3.webp 800w\" sizes=\"auto, (max-width: 772px) 100vw, 772px\" \/><\/p>\n<p data-wp-editing=\"1\">\u00a0<img loading=\"lazy\" decoding=\"async\" class=\"alignnone size-large wp-image-13012\" src=\"https:\/\/www.transports-coue.fr\/wp-content\/uploads\/2025\/12\/groupe-coue-trm-etudiant-ctrm-leonard-vinci-mayenne-5-580x1030.webp\" alt=\"\u00c9tudiants en gilets de s\u00e9curit\u00e9 visitant un entrep\u00f4t logistique avec stockage palettes dans le cadre d\u2019une formation transport\" width=\"580\" height=\"1030\" srcset=\"https:\/\/www.transports-coue.fr\/wp-content\/uploads\/2025\/12\/groupe-coue-trm-etudiant-ctrm-leonard-vinci-mayenne-5-580x1030.webp 580w, https:\/\/www.transports-coue.fr\/wp-content\/uploads\/2025\/12\/groupe-coue-trm-etudiant-ctrm-leonard-vinci-mayenne-5-169x300.webp 169w, https:\/\/www.transports-coue.fr\/wp-content\/uploads\/2025\/12\/groupe-coue-trm-etudiant-ctrm-leonard-vinci-mayenne-5-45x80.webp 45w, https:\/\/www.transports-coue.fr\/wp-content\/uploads\/2025\/12\/groupe-coue-trm-etudiant-ctrm-leonard-vinci-mayenne-5-397x705.webp 397w, https:\/\/www.transports-coue.fr\/wp-content\/uploads\/2025\/12\/groupe-coue-trm-etudiant-ctrm-leonard-vinci-mayenne-5.webp 600w\" sizes=\"auto, (max-width: 580px) 100vw, 580px\" \/><\/p>\n<p>#TransportRoutier #Formation #Logistique #ConducteurRoutier #CTRM<\/p>\n","protected":false},"excerpt":{"rendered":"<p>Les 2 et 9 d\u00e9cembre, nous avons eu le plaisir d&rsquo;accueillir sur nos sites TRM, ELM et au port sec, la classe de 1\u00e8re CTRM, Conducteur de Transport Routier de Marchandises, du Lyc\u00e9e L\u00e9onard De Vinci \u00e0 Mayenne. Encadr\u00e9s par David, Formateur du Groupe Cou\u00e9, et Gr\u00e9gory, Responsable Exploitation, les \u00e9l\u00e8ves ont pu d\u00e9couvrir : [&hellip;]<\/p>\n","protected":false},"author":2,"featured_media":13022,"comment_status":"closed","ping_status":"open","sticky":false,"template":"","format":"standard","meta":{"om_disable_all_campaigns":false,"_monsterinsights_skip_tracking":false,"_monsterinsights_sitenote_active":false,"_monsterinsights_sitenote_note":"","_monsterinsights_sitenote_category":0,"footnotes":""},"categories":[4,6],"tags":[],"class_list":["post-13024","post","type-post","status-publish","format-standard","has-post-thumbnail","hentry","category-actualites","category-evenements"],"aioseo_notices":[],"_links":{"self":[{"href":"https:\/\/www.transports-coue.fr\/fr\/wp-json\/wp\/v2\/posts\/13024","targetHints":{"allow":["GET"]}}],"collection":[{"href":"https:\/\/www.transports-coue.fr\/fr\/wp-json\/wp\/v2\/posts"}],"about":[{"href":"https:\/\/www.transports-coue.fr\/fr\/wp-json\/wp\/v2\/types\/post"}],"author":[{"embeddable":true,"href":"https:\/\/www.transports-coue.fr\/fr\/wp-json\/wp\/v2\/users\/2"}],"replies":[{"embeddable":true,"href":"https:\/\/www.transports-coue.fr\/fr\/wp-json\/wp\/v2\/comments?post=13024"}],"version-history":[{"count":2,"href":"https:\/\/www.transports-coue.fr\/fr\/wp-json\/wp\/v2\/posts\/13024\/revisions"}],"predecessor-version":[{"id":13026,"href":"https:\/\/www.transports-coue.fr\/fr\/wp-json\/wp\/v2\/posts\/13024\/revisions\/13026"}],"wp:featuredmedia":[{"embeddable":true,"href":"https:\/\/www.transports-coue.fr\/fr\/wp-json\/wp\/v2\/media\/13022"}],"wp:attachment":[{"href":"https:\/\/www.transports-coue.fr\/fr\/wp-json\/wp\/v2\/media?parent=13024"}],"wp:term":[{"taxonomy":"category","embeddable":true,"href":"https:\/\/www.transports-coue.fr\/fr\/wp-json\/wp\/v2\/categories?post=13024"},{"taxonomy":"post_tag","embeddable":true,"href":"https:\/\/www.transports-coue.fr\/fr\/wp-json\/wp\/v2\/tags?post=13024"}],"curies":[{"name":"wp","href":"https:\/\/api.w.org\/{rel}","templated":true}]}}