{"id":12818,"date":"2025-10-31T09:57:40","date_gmt":"2025-10-31T08:57:40","guid":{"rendered":"https:\/\/www.transports-coue.fr\/?p=12818"},"modified":"2026-04-02T09:45:17","modified_gmt":"2026-04-02T07:45:17","slug":"nos-jeunes-diplomes-et-nouveaux-alternants-mis-a-lhonneur-pour-leur-parcours-en-transport-logistique","status":"publish","type":"post","link":"https:\/\/www.transports-coue.fr\/fr\/nos-jeunes-diplomes-et-nouveaux-alternants-mis-a-lhonneur-pour-leur-parcours-en-transport-logistique\/","title":{"rendered":"Nos jeunes Dipl\u00f4m\u00e9s et nouveaux Alternants mis \u00e0 l&rsquo;honneur pour leur parcours en Transport &amp; Logistique"},"content":{"rendered":"<p data-prosemirror-content-type=\"node\" data-prosemirror-node-name=\"paragraph\" data-prosemirror-node-block=\"true\" data-pm-slice=\"1 1 []\">Photo du traditionnel Petit D\u00e9jeuner de Rentr\u00e9e pour nos Alternants &amp; Dipl\u00f4m\u00e9s avec leur Tuteur !<br \/>\nUn moment toujours important qui permet \u00e0 nos Alternants et Dipl\u00f4m\u00e9s de se rencontrer, de partager, entour\u00e9s de leurs R\u00e9f\u00e9rents.<\/p>\n<p data-prosemirror-content-type=\"node\" data-prosemirror-node-name=\"paragraph\" data-prosemirror-node-block=\"true\">C&rsquo;est \u00e9galement l\u2019occasion de f\u00e9liciter nos jeunes talents pour leurs r\u00e9ussites et parcours remarquables, et de remercier leurs tuteurs engag\u00e9s, v\u00e9ritables piliers de l\u2019accompagnement au sein de nos \u00e9quipes.<\/p>\n<p data-prosemirror-content-type=\"node\" data-prosemirror-node-name=\"paragraph\" data-prosemirror-node-block=\"true\"><strong>F\u00e9licitations \u00e0 :<\/strong><\/p>\n<ul>\n<li data-prosemirror-content-type=\"node\" data-prosemirror-node-name=\"paragraph\" data-prosemirror-node-block=\"true\">Youri, pour l\u2019obtention de son <a href=\"https:\/\/www.cma-formation-bretagne.fr\/diplomes\/bts-maintenance-des-vehicules-option-b-vehicules-de-transport-routier\/\" target=\"_blank\" rel=\"noopener\">BTS Maintenance V\u00e9hicules Option B V\u00e9hicules Transport Routier, form\u00e9 au Campus Aucaleuc de Dinan<\/a> accompagn\u00e9 par Nicolas.<br \/>\nPuis M\u00e9canicien Poids Lourds dans nos ateliers pendant 2 ans.<\/li>\n<li data-prosemirror-content-type=\"node\" data-prosemirror-node-name=\"paragraph\" data-prosemirror-node-block=\"true\">Arthur, dipl\u00f4m\u00e9 du Bachelor Logistique &amp; Transport<br \/>\nUn beau parcours : Alternant du Bac Pro Transport (Don Bosco) au <a href=\"https:\/\/www.aftec.fr\/formations\/bts-transport-et-logistique\" target=\"_blank\" rel=\"noopener\">BTS GTLA<\/a> puis Bachelor \u00e0 l\u2019AFTEC Laval accompagn\u00e9 par Philippe<br \/>\nAujourd\u2019hui en CDI \u00e0 l\u2019exploitation Cou\u00e9 !<\/li>\n<li data-prosemirror-content-type=\"node\" data-prosemirror-node-name=\"paragraph\" data-prosemirror-node-block=\"true\">Yanis, dipl\u00f4m\u00e9 en <a href=\"https:\/\/curie.paysdelaloire.e-lyco.fr\/les-formations\/\" target=\"_blank\" rel=\"noopener\">CAP Op\u00e9rateur Logistique au Lyc\u00e9e Pierre et Marie Curie de Ch\u00e2teau Gontier<\/a> accompagn\u00e9 par Dimitri pendant 1 an, et en CDD aujourd&rsquo;hui dans notre structure logistique ELM<br \/>\n<em>Absent sur la photo<\/em><\/li>\n<li data-prosemirror-content-type=\"node\" data-prosemirror-node-name=\"paragraph\" data-prosemirror-node-block=\"true\">Kevin, dipl\u00f4m\u00e9 du Master Manager du d\u00e9veloppement International accompagn\u00e9 par Aur\u00e9lien pendant 2 ans<br \/>\n<em>Absent sur la photo<\/em><\/li>\n<\/ul>\n<p data-prosemirror-content-type=\"node\" data-prosemirror-node-name=\"paragraph\" data-prosemirror-node-block=\"true\"><strong>Bienvenue \u00e0 nos Alternants en cours de formation :<\/strong><\/p>\n<ul>\n<li data-prosemirror-content-type=\"node\" data-prosemirror-node-name=\"paragraph\" data-prosemirror-node-block=\"true\">Chlo\u00e9 pr\u00e9pare un <a href=\"https:\/\/www.onisep.fr\/ressources\/univers-formation\/formations\/post-bac\/but-management-de-la-logistique-et-des-transports-parcours-mobilite-et-supply-chain-connectees\" target=\"_blank\" rel=\"noopener\">BUT Management de la Logistique &amp; des Transports<\/a> accompagn\u00e9 par Gr\u00e9gory au sein des services exploitations TCM et TRM pendant 2 ans<\/li>\n<li data-prosemirror-content-type=\"node\" data-prosemirror-node-name=\"paragraph\" data-prosemirror-node-block=\"true\">Carla pr\u00e9pare un titre pro <a href=\"https:\/\/www.onisep.fr\/ressources\/univers-formation\/formations\/post-bac\/tp-organisateur-de-transports-aeriens-ou-maritimes-de-marchandises2\" target=\"_blank\" rel=\"noopener\">Organisateur de Transports A\u00e9riens ou Maritimes de Marchandises<\/a> dans notre structure Internationale, Sotecan, avec Sarah durant 1 an.<\/li>\n<li data-prosemirror-content-type=\"node\" data-prosemirror-node-name=\"paragraph\" data-prosemirror-node-block=\"true\">Axel est en 2\u00e8me ann\u00e9e de <a href=\"https:\/\/www.onisep.fr\/ressources\/structures-enseignement\/pays-de-la-loire\/mayenne\/lycee-ambroise-pare\/bts-gestion-des-transports-et-logistique-associee\" target=\"_blank\" rel=\"noopener\">BTS Gestion des Transports et Logistique Associ\u00e9es au Lyc\u00e9e Ambroise Par\u00e9.<\/a> Il est accompagn\u00e9 par Thierry \u00e0 l&rsquo;exploitation Cou\u00e9<\/li>\n<\/ul>\n<p data-prosemirror-content-type=\"node\" data-prosemirror-node-name=\"paragraph\" data-prosemirror-node-block=\"true\">Parce que la formation des jeunes talents font partie de notre ADN, nous sommes fiers de voir ces parcours \u00e9voluer, grandir et s\u2019affirmer au sein du groupe.<\/p>\n<p>D\u00e9couvrez nos articles sur nos diff\u00e9rentes d\u00e9marches pour une meilleure connaissance du monde du Transport Routier et de la Logistique aupr\u00e8s des \u00e9l\u00e8ves et \u00e9tudiants :<br \/>\n<a href=\"https:\/\/www.transports-coue.fr\/fr\/2-de-nos-collaborateurs-aurelien-jerome-dans-lofficiel-des-transporteurs\/\" target=\"_blank\" rel=\"noopener\">https:\/\/www.transports-coue.fr\/fr\/2-de-nos-collaborateurs-aurelien-jerome-dans-lofficiel-des-transporteurs\/<\/a><br \/>\n<a href=\"https:\/\/www.transports-coue.fr\/fr\/nos-alternants-diplomes-une-belle-reussite\/\" target=\"_blank\" rel=\"noopener\">https:\/\/www.transports-coue.fr\/fr\/nos-alternants-diplomes-une-belle-reussite\/<\/a><br \/>\n<a href=\"https:\/\/www.transports-coue.fr\/fr\/une-journee-dechanges-avec-les-1eres-annees-du-bts-gtla-de-laval-53-mayenne\" target=\"_blank\" rel=\"noopener\">https:\/\/www.transports-coue.fr\/fr\/une-journee-dechanges-avec-les-1eres-annees-du-bts-gtla-de-laval-53-mayenne<\/a><br \/>\n<a href=\"https:\/\/www.transports-coue.fr\/fr\/visite-de-notre-entrepot-icpe-par-la-seconde-bac-pro-logistique-du-lycee-pierre-marie-curie-de-chateau-gontier-53\/\" target=\"_blank\" rel=\"noopener\">https:\/\/www.transports-coue.fr\/fr\/visite-de-notre-entrepot-icpe-par-la-seconde-bac-pro-logistique-du-lycee-pierre-marie-curie-de-chateau-gontier-53\/<\/a><br \/>\n<a href=\"https:\/\/www.transports-coue.fr\/fr\/retour-de-nos-salaries-dans-leur-lycee-pour-partager-leur-experience-du-transport-routier\/\" target=\"_blank\" rel=\"noopener\">https:\/\/www.transports-coue.fr\/fr\/retour-de-nos-salaries-dans-leur-lycee-pour-partager-leur-experience-du-transport-routier\/<\/a><br \/>\n<a href=\"https:\/\/www.transports-coue.fr\/fr\/promouvoir-nos-metiers-du-transport-routier-et-de-la-logistique\/\" target=\"_blank\" rel=\"noopener\">https:\/\/www.transports-coue.fr\/fr\/promouvoir-nos-metiers-du-transport-routier-et-de-la-logistique\/<\/a><br \/>\n<a href=\"https:\/\/www.transports-coue.fr\/fr\/accueil-dune-classe-de-seconde-bac-pro-transport-du-lycee-leonard-de-vinci-a-mayenne-53\/\" target=\"_blank\" rel=\"noopener\">https:\/\/www.transports-coue.fr\/fr\/accueil-dune-classe-de-seconde-bac-pro-transport-du-lycee-leonard-de-vinci-a-mayenne-53\/<\/a><br \/>\n<a href=\"https:\/\/www.transports-coue.fr\/fr\/notre-equipe-rh-prepare-des-terminales-aux-entretiens-pour-obtenir-un-job-ou-un-stage\/\" target=\"_blank\" rel=\"noopener\">https:\/\/www.transports-coue.fr\/fr\/notre-equipe-rh-prepare-des-terminales-aux-entretiens-pour-obtenir-un-job-ou-un-stage\/<\/a><br \/>\n<a href=\"https:\/\/www.transports-coue.fr\/fr\/presentations-et-echanges-sur-nos-metiers-du-transport-et-de-la-logistique-dans-un-college-et-lycee-bac-pro\/\" target=\"_blank\" rel=\"noopener\">https:\/\/www.transports-coue.fr\/fr\/presentations-et-echanges-sur-nos-metiers-du-transport-et-de-la-logistique-dans-un-college-et-lycee-bac-pro\/<\/a><br \/>\n<a href=\"https:\/\/www.transports-coue.fr\/fr\/presentation-de-nos-metiers-aux-collegiens\/\" target=\"_blank\" rel=\"noopener\">https:\/\/www.transports-coue.fr\/fr\/presentation-de-nos-metiers-aux-collegiens\/<\/a><br \/>\n<a href=\"https:\/\/www.transports-coue.fr\/fr\/8-lyceens-en-bac-pro-ctrm-sexercent-a-realiser-des-mises-a-quai-a-notre-logistique\/\" target=\"_blank\" rel=\"noopener\">https:\/\/www.transports-coue.fr\/fr\/8-lyceens-en-bac-pro-ctrm-sexercent-a-realiser-des-mises-a-quai-a-notre-logistique\/<\/a><br \/>\n<a href=\"https:\/\/www.transports-coue.fr\/fr\/le-lycee-don-bosco-visite-notre-port-sec-tcm\/\" target=\"_blank\" rel=\"noopener\">https:\/\/www.transports-coue.fr\/fr\/le-lycee-don-bosco-visite-notre-port-sec-tcm\/<\/a><br \/>\n<a href=\"https:\/\/www.transports-coue.fr\/fr\/laftral-profite-des-quais-de-notre-plateforme-logistique-pour-realiser-des-manoeuvres\/\" target=\"_blank\" rel=\"noopener\">https:\/\/www.transports-coue.fr\/fr\/laftral-profite-des-quais-de-notre-plateforme-logistique-pour-realiser-des-manoeuvres\/<\/a><br \/>\n<a href=\"https:\/\/www.transports-coue.fr\/fr\/stephane-un-de-nos-conducteurs-presente-son-metier-a-des-eleves-de-primaire\/\" target=\"_blank\" rel=\"noopener\">https:\/\/www.transports-coue.fr\/fr\/stephane-un-de-nos-conducteurs-presente-son-metier-a-des-eleves-de-primaire\/<\/a><br \/>\n<a href=\"https:\/\/www.transports-coue.fr\/fr\/glenn-un-de-nos-conducteurs-presente-son-camion-a-une-classe-de-maternelle-a-laval\/\" target=\"_blank\" rel=\"noopener\">https:\/\/www.transports-coue.fr\/fr\/glenn-un-de-nos-conducteurs-presente-son-camion-a-une-classe-de-maternelle-a-laval\/<\/a><br \/>\n<a href=\"https:\/\/www.transports-coue.fr\/fr\/formation-aftral-a-lentrepot-des-transports-coue\/\" target=\"_blank\" rel=\"noopener\">https:\/\/www.transports-coue.fr\/fr\/formation-aftral-a-lentrepot-des-transports-coue\/<\/a><br \/>\n<a href=\"https:\/\/www.transports-coue.fr\/fr\/transports-coue-a-remis-une-remorque-tautliner-aux-lyceens-bac-pro-conducteur-transport-routier-a-mayenne\/\" target=\"_blank\" rel=\"noopener\">https:\/\/www.transports-coue.fr\/fr\/transports-coue-a-remis-une-remorque-tautliner-aux-lyceens-bac-pro-conducteur-transport-routier-a-mayenne\/<\/a><br \/>\n<a href=\"https:\/\/www.transports-coue.fr\/fr\/transports-coue-accueillent-4-etudiants-en-iut-gestion-et-logistique-le-24-octovre-2018\/\" target=\"_blank\" rel=\"noopener\">https:\/\/www.transports-coue.fr\/fr\/transports-coue-accueillent-4-etudiants-en-iut-gestion-et-logistique-le-24-octovre-2018\/<\/a><\/p>\n<p data-prosemirror-content-type=\"node\" data-prosemirror-node-name=\"paragraph\" data-prosemirror-node-block=\"true\">#Alternance #TransportRoutier #Logistique #Formation #Transmission #International #ImportExport #SupplyChain<\/p>\n","protected":false},"excerpt":{"rendered":"<p>Photo du traditionnel Petit D\u00e9jeuner de Rentr\u00e9e pour nos Alternants &amp; Dipl\u00f4m\u00e9s avec leur Tuteur ! Un moment toujours important qui permet \u00e0 nos Alternants et Dipl\u00f4m\u00e9s de se rencontrer, de partager, entour\u00e9s de leurs R\u00e9f\u00e9rents. C&rsquo;est \u00e9galement l\u2019occasion de f\u00e9liciter nos jeunes talents pour leurs r\u00e9ussites et parcours remarquables, et de remercier leurs tuteurs [&hellip;]<\/p>\n","protected":false},"author":2,"featured_media":12816,"comment_status":"closed","ping_status":"open","sticky":false,"template":"","format":"standard","meta":{"om_disable_all_campaigns":false,"_monsterinsights_skip_tracking":false,"_monsterinsights_sitenote_active":false,"_monsterinsights_sitenote_note":"","_monsterinsights_sitenote_category":0,"footnotes":""},"categories":[4,6],"tags":[],"class_list":["post-12818","post","type-post","status-publish","format-standard","has-post-thumbnail","hentry","category-actualites","category-evenements"],"aioseo_notices":[],"_links":{"self":[{"href":"https:\/\/www.transports-coue.fr\/fr\/wp-json\/wp\/v2\/posts\/12818","targetHints":{"allow":["GET"]}}],"collection":[{"href":"https:\/\/www.transports-coue.fr\/fr\/wp-json\/wp\/v2\/posts"}],"about":[{"href":"https:\/\/www.transports-coue.fr\/fr\/wp-json\/wp\/v2\/types\/post"}],"author":[{"embeddable":true,"href":"https:\/\/www.transports-coue.fr\/fr\/wp-json\/wp\/v2\/users\/2"}],"replies":[{"embeddable":true,"href":"https:\/\/www.transports-coue.fr\/fr\/wp-json\/wp\/v2\/comments?post=12818"}],"version-history":[{"count":5,"href":"https:\/\/www.transports-coue.fr\/fr\/wp-json\/wp\/v2\/posts\/12818\/revisions"}],"predecessor-version":[{"id":12839,"href":"https:\/\/www.transports-coue.fr\/fr\/wp-json\/wp\/v2\/posts\/12818\/revisions\/12839"}],"wp:featuredmedia":[{"embeddable":true,"href":"https:\/\/www.transports-coue.fr\/fr\/wp-json\/wp\/v2\/media\/12816"}],"wp:attachment":[{"href":"https:\/\/www.transports-coue.fr\/fr\/wp-json\/wp\/v2\/media?parent=12818"}],"wp:term":[{"taxonomy":"category","embeddable":true,"href":"https:\/\/www.transports-coue.fr\/fr\/wp-json\/wp\/v2\/categories?post=12818"},{"taxonomy":"post_tag","embeddable":true,"href":"https:\/\/www.transports-coue.fr\/fr\/wp-json\/wp\/v2\/tags?post=12818"}],"curies":[{"name":"wp","href":"https:\/\/api.w.org\/{rel}","templated":true}]}}