{"id":12297,"date":"2025-09-18T16:37:48","date_gmt":"2025-09-18T14:37:48","guid":{"rendered":"https:\/\/www.transports-coue.fr\/?p=12297"},"modified":"2025-10-16T17:38:26","modified_gmt":"2025-10-16T15:38:26","slug":"journee-partage-et-expertise-logistique-organisee-par-notre-groupement-evolutrans","status":"publish","type":"post","link":"https:\/\/www.transports-coue.fr\/fr\/journee-partage-et-expertise-logistique-organisee-par-notre-groupement-evolutrans\/","title":{"rendered":"Journ\u00e9e partage et expertise Logistique organis\u00e9e par notre groupement Evolutrans"},"content":{"rendered":"<p data-prosemirror-content-type=\"node\" data-prosemirror-node-name=\"paragraph\" data-prosemirror-node-block=\"true\" data-pm-slice=\"1 1 []\">Synergie &amp; Partage entre adh\u00e9rents d&rsquo;<a href=\"https:\/\/www.evolutrans.fr\/\" target=\"_blank\" rel=\"noopener\">Evolutrans<\/a> !<\/p>\n<p data-prosemirror-content-type=\"node\" data-prosemirror-node-name=\"paragraph\" data-prosemirror-node-block=\"true\">Ce mardi 16 sept, nous avons eu le plaisir d&rsquo;accueillir plusieurs Responsables et Dirigeants de soci\u00e9t\u00e9s membres du Groupement Evolutrans en groupe de travail.<\/p>\n<p data-prosemirror-content-type=\"node\" data-prosemirror-node-name=\"paragraph\" data-prosemirror-node-block=\"true\">L&rsquo;occasion de partager nos bonnes pratiques gr\u00e2ce \u00e0 notre expertise maintenant \u00e9prouv\u00e9e dans des domaines aussi sp\u00e9cifiques que :<br \/>\nLa logistique mati\u00e8res dangereuses<br \/>\nLa logistique batteries lithium<br \/>\nLa logistique de l\u2019emballage alimentaire<br \/>\nLe Transport ADR<br \/>\nEn savoir plus sur nos solutions logistiques :\u00a0<a href=\"https:\/\/www.transports-coue.fr\/fr\/logistique\/generale\/\" target=\"_blank\" rel=\"noopener\">https:\/\/www.transports-coue.fr\/fr\/logistique\/generale\/<\/a><\/p>\n<p data-prosemirror-content-type=\"node\" data-prosemirror-node-name=\"paragraph\" data-prosemirror-node-block=\"true\">Ces rencontres incarnent l\u2019esprit du r\u00e9seau Evolutrans :<br \/>\nFavoriser la coop\u00e9ration entre transporteurs<br \/>\nD\u00e9velopper l\u2019efficacit\u00e9 logistique<br \/>\nCr\u00e9er toujours plus de valeur pour nos clients<\/p>\n<p data-prosemirror-content-type=\"node\" data-prosemirror-node-name=\"paragraph\" data-prosemirror-node-block=\"true\">Un grand merci aux \u00e9quipes pr\u00e9sentes pour leur enthousiasme et leurs \u00e9changes enrichissants.<\/p>\n<p data-prosemirror-content-type=\"node\" data-prosemirror-node-name=\"paragraph\" data-prosemirror-node-block=\"true\">#Logistique #TransportRoutier #Evolutrans #SupplyChain #OEA #ICPE #EntrepotSousDouane #ImportExport<\/p>\n","protected":false},"excerpt":{"rendered":"<p>Synergie &amp; Partage entre adh\u00e9rents d&rsquo;Evolutrans ! Ce mardi 16 sept, nous avons eu le plaisir d&rsquo;accueillir plusieurs Responsables et Dirigeants de soci\u00e9t\u00e9s membres du Groupement Evolutrans en groupe de travail. L&rsquo;occasion de partager nos bonnes pratiques gr\u00e2ce \u00e0 notre expertise maintenant \u00e9prouv\u00e9e dans des domaines aussi sp\u00e9cifiques que : La logistique mati\u00e8res dangereuses La [&hellip;]<\/p>\n","protected":false},"author":2,"featured_media":12301,"comment_status":"closed","ping_status":"open","sticky":false,"template":"","format":"standard","meta":{"om_disable_all_campaigns":false,"_monsterinsights_skip_tracking":false,"_monsterinsights_sitenote_active":false,"_monsterinsights_sitenote_note":"","_monsterinsights_sitenote_category":0,"footnotes":""},"categories":[4,6,18],"tags":[],"class_list":["post-12297","post","type-post","status-publish","format-standard","has-post-thumbnail","hentry","category-actualites","category-evenements","category-evenements-logistique"],"aioseo_notices":[],"_links":{"self":[{"href":"https:\/\/www.transports-coue.fr\/fr\/wp-json\/wp\/v2\/posts\/12297","targetHints":{"allow":["GET"]}}],"collection":[{"href":"https:\/\/www.transports-coue.fr\/fr\/wp-json\/wp\/v2\/posts"}],"about":[{"href":"https:\/\/www.transports-coue.fr\/fr\/wp-json\/wp\/v2\/types\/post"}],"author":[{"embeddable":true,"href":"https:\/\/www.transports-coue.fr\/fr\/wp-json\/wp\/v2\/users\/2"}],"replies":[{"embeddable":true,"href":"https:\/\/www.transports-coue.fr\/fr\/wp-json\/wp\/v2\/comments?post=12297"}],"version-history":[{"count":2,"href":"https:\/\/www.transports-coue.fr\/fr\/wp-json\/wp\/v2\/posts\/12297\/revisions"}],"predecessor-version":[{"id":12781,"href":"https:\/\/www.transports-coue.fr\/fr\/wp-json\/wp\/v2\/posts\/12297\/revisions\/12781"}],"wp:featuredmedia":[{"embeddable":true,"href":"https:\/\/www.transports-coue.fr\/fr\/wp-json\/wp\/v2\/media\/12301"}],"wp:attachment":[{"href":"https:\/\/www.transports-coue.fr\/fr\/wp-json\/wp\/v2\/media?parent=12297"}],"wp:term":[{"taxonomy":"category","embeddable":true,"href":"https:\/\/www.transports-coue.fr\/fr\/wp-json\/wp\/v2\/categories?post=12297"},{"taxonomy":"post_tag","embeddable":true,"href":"https:\/\/www.transports-coue.fr\/fr\/wp-json\/wp\/v2\/tags?post=12297"}],"curies":[{"name":"wp","href":"https:\/\/api.w.org\/{rel}","templated":true}]}}