{"id":12254,"date":"2025-09-12T11:56:18","date_gmt":"2025-09-12T09:56:18","guid":{"rendered":"https:\/\/www.transports-coue.fr\/?p=12254"},"modified":"2025-10-17T18:32:10","modified_gmt":"2025-10-17T16:32:10","slug":"participation-au-top-transport-europe-2025-2-jours-dechanges-sur-vos-projets-transport-logistique","status":"publish","type":"post","link":"https:\/\/www.transports-coue.fr\/fr\/participation-au-top-transport-europe-2025-2-jours-dechanges-sur-vos-projets-transport-logistique\/","title":{"rendered":"Participation au Top Transport Europe 2025 : 2 jours d&rsquo;\u00e9changes sur vos projets Transport &amp; Logistique"},"content":{"rendered":"<p><strong>Top Transport Europe 2025<\/strong>\u00a0: c&rsquo;est le 15 et 16 octobre !<\/p>\n<p>Chaque ann\u00e9e, Top Transport Europe est <strong>L&rsquo;EVENEMENT PHARE<\/strong> pour <strong>VOUS<\/strong> rencontrer via des <strong>RDV planifi\u00e9s, cibl\u00e9s et efficaces.<\/strong><\/p>\n<p>2 jours d&rsquo;\u00e9changes d\u00e9di\u00e9s \u00e0 <strong>vos projets Transport &amp; <a href=\"https:\/\/www.transports-coue.fr\/fr\/logistique\/generale\/\" target=\"_blank\" rel=\"noopener\">Logistique<\/a><\/strong> o\u00f9 nous identifions ensemble vos probl\u00e9matiques et vous apportons notre expertise et nos solutions adapt\u00e9es, durables et comp\u00e9titives face aux d\u00e9fis de demain.<\/p>\n<p>Retrouvez-nous \u00e0 Marseille \u2013 Palais du Pharo, sur le stand V300 avec notre partenaires OTMS !<\/p>\n<p>Envie d&rsquo;en savoir plus sur Top Transport Europe et son concept <strong>efficace :<\/strong><br \/>\n<a href=\"https:\/\/www.toptransporteurope.com\/\" target=\"_blank\" rel=\"noopener\">https:\/\/www.toptransporteurope.com\/<\/a><\/p>\n<p>Demandez votre invitation<br \/>\n<a class=\"x1fey0fg xmper1u x1edh9d7\" href=\"https:\/\/dweb.typeform.com\/to\/htVC1js1?utm_source=paid-media&amp;utm_medium=cpc&amp;utm_campaign=marque&amp;typeform-source=www.toptransporteurope.com\" target=\"_blank\" rel=\"noopener\">https:\/\/dweb.typeform.com\/to\/htVC1js1?utm_source=paid-media&amp;utm_medium=cpc&amp;utm_campaign=marque&amp;typeform-source=www.toptransporteurope.com<\/a><\/p>\n<p>A tr\u00e8s vite !<\/p>\n<p>#TTE25 #TopTransportEurope #TransportRoutier #Logistique #SupplyChain #BusinessMeeting<\/p>\n","protected":false},"excerpt":{"rendered":"<p>Top Transport Europe 2025\u00a0: c&rsquo;est le 15 et 16 octobre ! Chaque ann\u00e9e, Top Transport Europe est L&rsquo;EVENEMENT PHARE pour VOUS rencontrer via des RDV planifi\u00e9s, cibl\u00e9s et efficaces. 2 jours d&rsquo;\u00e9changes d\u00e9di\u00e9s \u00e0 vos projets Transport &amp; Logistique o\u00f9 nous identifions ensemble vos probl\u00e9matiques et vous apportons notre expertise et nos solutions adapt\u00e9es, durables [&hellip;]<\/p>\n","protected":false},"author":2,"featured_media":12256,"comment_status":"closed","ping_status":"open","sticky":false,"template":"","format":"standard","meta":{"om_disable_all_campaigns":false,"_monsterinsights_skip_tracking":false,"_monsterinsights_sitenote_active":false,"_monsterinsights_sitenote_note":"","_monsterinsights_sitenote_category":0,"footnotes":""},"categories":[4,6,18,1],"tags":[],"class_list":["post-12254","post","type-post","status-publish","format-standard","has-post-thumbnail","hentry","category-actualites","category-evenements","category-evenements-logistique","category-partenariats"],"aioseo_notices":[],"_links":{"self":[{"href":"https:\/\/www.transports-coue.fr\/fr\/wp-json\/wp\/v2\/posts\/12254","targetHints":{"allow":["GET"]}}],"collection":[{"href":"https:\/\/www.transports-coue.fr\/fr\/wp-json\/wp\/v2\/posts"}],"about":[{"href":"https:\/\/www.transports-coue.fr\/fr\/wp-json\/wp\/v2\/types\/post"}],"author":[{"embeddable":true,"href":"https:\/\/www.transports-coue.fr\/fr\/wp-json\/wp\/v2\/users\/2"}],"replies":[{"embeddable":true,"href":"https:\/\/www.transports-coue.fr\/fr\/wp-json\/wp\/v2\/comments?post=12254"}],"version-history":[{"count":3,"href":"https:\/\/www.transports-coue.fr\/fr\/wp-json\/wp\/v2\/posts\/12254\/revisions"}],"predecessor-version":[{"id":12795,"href":"https:\/\/www.transports-coue.fr\/fr\/wp-json\/wp\/v2\/posts\/12254\/revisions\/12795"}],"wp:featuredmedia":[{"embeddable":true,"href":"https:\/\/www.transports-coue.fr\/fr\/wp-json\/wp\/v2\/media\/12256"}],"wp:attachment":[{"href":"https:\/\/www.transports-coue.fr\/fr\/wp-json\/wp\/v2\/media?parent=12254"}],"wp:term":[{"taxonomy":"category","embeddable":true,"href":"https:\/\/www.transports-coue.fr\/fr\/wp-json\/wp\/v2\/categories?post=12254"},{"taxonomy":"post_tag","embeddable":true,"href":"https:\/\/www.transports-coue.fr\/fr\/wp-json\/wp\/v2\/tags?post=12254"}],"curies":[{"name":"wp","href":"https:\/\/api.w.org\/{rel}","templated":true}]}}