{"id":11968,"date":"2025-07-11T14:47:28","date_gmt":"2025-07-11T12:47:28","guid":{"rendered":"https:\/\/www.transports-coue.fr\/?p=11968"},"modified":"2025-10-17T19:02:23","modified_gmt":"2025-10-17T17:02:23","slug":"developpement-de-nos-capacites-logistiques-3pl-a-laval-53-pays-de-loire","status":"publish","type":"post","link":"https:\/\/www.transports-coue.fr\/fr\/developpement-de-nos-capacites-logistiques-3pl-a-laval-53-pays-de-loire\/","title":{"rendered":"D\u00e9veloppement de nos capacit\u00e9s logistiques 3PL \u00e0 Laval (53, Pays-de-Loire)"},"content":{"rendered":"<p data-prosemirror-content-type=\"node\" data-prosemirror-node-name=\"paragraph\" data-prosemirror-node-block=\"true\" data-pm-slice=\"1 1 []\">A proximit\u00e9 imm\u00e9diate des <strong>grands axes routiers<\/strong>, au c\u0153ur de l&rsquo;Ouest, nous disposons actuellement de <strong>capacit\u00e9s suppl\u00e9mentaires de stockage en rack ou en masse<\/strong>\u00a0adapt\u00e9es \u00e0 toutes vos marchandises des plus simples au plus sensibles.<\/p>\n<p data-prosemirror-content-type=\"node\" data-prosemirror-node-name=\"paragraph\" data-prosemirror-node-block=\"true\">Un environnement <strong>ma\u00eetris\u00e9 pour toutes vos marchandises :<br \/>\n<\/strong>&#8211; 30 000 m\u00b2 d\u2019infrastructures, avec extension imm\u00e9diate disponible<br \/>\n&#8211; Entrep\u00f4ts class\u00e9s <strong>ICPE 1510<\/strong> (combustibles) et <strong>4331 (liquides inflammables)<\/strong>, conformit\u00e9 r\u00e9glementaire maximale<br \/>\n&#8211; Entrep\u00f4ts <strong>sous douane agr\u00e9\u00e9e<\/strong>, certifi\u00e9s <strong>OEA<\/strong>\u00a0(S\u00e9curit\u00e9 Suret\u00e9)<br \/>\n&#8211; D\u00e9marche <strong>HACCP<\/strong> pour les produits sensibles ou alimentaires<br \/>\n&#8211; Sites enti\u00e8rement <strong>s\u00e9curis\u00e9s<\/strong>\u00a0: vid\u00e9osurveillance, contr\u00f4le d\u2019acc\u00e8s, alarmes<\/p>\n<p data-prosemirror-content-type=\"node\" data-prosemirror-node-name=\"paragraph\" data-prosemirror-node-block=\"true\"><strong>Gestion optimis\u00e9e et tra\u00e7abilit\u00e9 assur\u00e9e\u00a0 :<br \/>\n<\/strong>&#8211; Services <strong>3PL complets<\/strong> : stockage, pr\u00e9paration de commandes \u00e0 l&rsquo;unit\u00e9, au colis ou \u00e0 la palette <strong>en flux tendu<\/strong>, distribution, reverse logistique<br \/>\n&#8211; Transfert en parc propre import, export, gestion des flux, distribution via r\u00e9seau palettes <a href=\"https:\/\/www.evolutrans.fr\/\" target=\"_blank\" rel=\"noopener\">Evolutrans<\/a> <strong>en 24\/48h<\/strong><br \/>\n&#8211; Gestion informatis\u00e9e des stocks (<strong>WMS<\/strong>) derni\u00e8re g\u00e9n\u00e9ration pour une tra\u00e7abilit\u00e9 optimale<br \/>\n<strong>&#8211; Tracking en temps r\u00e9el<\/strong> et suivi par <strong>KPI personnalis\u00e9s<\/strong> pour un pilotage fiable de vos op\u00e9rations<br \/>\n&#8211; \u00c9quipe d\u00e9di\u00e9e : <strong>15 pr\u00e9parateurs, 5 exploitants et 1 Responsable Qualit\u00e9 S\u00e9curit\u00e9 S\u00fbret\u00e9<\/strong> \u00e0 vos c\u00f4t\u00e9s<\/p>\n<p data-prosemirror-content-type=\"node\" data-prosemirror-node-name=\"paragraph\" data-prosemirror-node-block=\"true\">Vous cherchez \u00e0 :<br \/>\n&#8211; G\u00e9rer un <strong>pic d&rsquo;activit\u00e9 ?<\/strong><br \/>\n&#8211; <strong>Externaliser<\/strong> tout ou partie (r\u00e9ception, pr\u00e9paration, exp\u00e9dition) de votre logistique ?<br \/>\n&#8211; Lancer un <strong>projet e-commerce<\/strong>\u00a0?<br \/>\n&#8211; Renforcer votre <strong>maillage r\u00e9gional<\/strong> ?<\/p>\n<p data-prosemirror-content-type=\"node\" data-prosemirror-node-name=\"paragraph\" data-prosemirror-node-block=\"true\">Parlons-en : visite de site, devis sur-mesure, accompagnement personnalis\u00e9<\/p>\n<p data-prosemirror-content-type=\"node\" data-prosemirror-node-name=\"paragraph\" data-prosemirror-node-block=\"true\"><strong>Contactez notre \u00e9quipe<\/strong> :<br \/>\nAnnabelle Courteille : +33 (0)6 86 17 77 35 &#8211; <a href=\"mailto:acourteille@coue-trm.fr\" data-prosemirror-content-type=\"mark\" data-prosemirror-mark-name=\"link\">acourteille@coue-trm.fr<\/a><br \/>\nAur\u00e9lien Clouet : +33 (0)7 48 10 15 23 &#8211; <a href=\"mailto:aclouet@coue-trm.fr\" data-prosemirror-content-type=\"mark\" data-prosemirror-mark-name=\"link\">aclouet@coue-trm.fr<\/a><\/p>\n<p data-prosemirror-content-type=\"node\" data-prosemirror-node-name=\"paragraph\" data-prosemirror-node-block=\"true\"><strong>Qu&rsquo;est-ce qu&rsquo;une Logistique 3PL ?<br \/>\n<\/strong>La logistique 3PL (Third Party Logistics) d\u00e9signe l\u2019externalisation de tout ou partie de la cha\u00eene logistique \u00e0 un prestataire sp\u00e9cialis\u00e9. Ce service comprend des solutions compl\u00e8tes comme le <strong data-start=\"299\" data-end=\"311\">stockage<\/strong>, la <strong data-start=\"316\" data-end=\"344\">pr\u00e9paration de commandes<\/strong>, la <strong data-start=\"349\" data-end=\"369\">gestion des flux<\/strong>, la <strong data-start=\"374\" data-end=\"390\">distribution<\/strong>, la <strong data-start=\"395\" data-end=\"420\">logistique e-commerce<\/strong> ou encore la <strong data-start=\"434\" data-end=\"456\">reverse logistique<\/strong>. Gr\u00e2ce \u00e0 des <strong data-start=\"470\" data-end=\"493\">entrep\u00f4ts s\u00e9curis\u00e9s<\/strong>, certifi\u00e9s <strong data-start=\"505\" data-end=\"513\">ICPE<\/strong> ou <strong data-start=\"517\" data-end=\"524\">OEA<\/strong>, \u00e0 une <strong data-start=\"535\" data-end=\"564\">tra\u00e7abilit\u00e9 en temps r\u00e9el<\/strong> via un <strong data-start=\"572\" data-end=\"590\">WMS performant <\/strong>et le suivi par indicateurs cl\u00e9s<strong data-start=\"572\" data-end=\"590\"> (KPI)<\/strong>, la logistique 3PL permet aux entreprises d\u2019optimiser leurs co\u00fbts, de gagner en agilit\u00e9 et de se recentrer sur leur c\u0153ur de m\u00e9tier. Id\u00e9al pour accompagner la <strong data-start=\"749\" data-end=\"763\">croissance<\/strong>, g\u00e9rer un <strong data-start=\"774\" data-end=\"792\">pic d\u2019activit\u00e9<\/strong> ou renforcer son <strong data-start=\"810\" data-end=\"831\">maillage r\u00e9gional<\/strong>.<\/p>\n<p data-prosemirror-content-type=\"node\" data-prosemirror-node-name=\"paragraph\" data-prosemirror-node-block=\"true\"><strong><br \/>\n<\/strong>En savoir plus sur notre activit\u00e9 Logistique :<br \/>\n<a href=\"https:\/\/www.transports-coue.fr\/fr\/logistique\/generale\/\" target=\"_blank\" rel=\"noopener\">https:\/\/www.transports-coue.fr\/fr\/logistique\/generale\/<\/a><\/p>\n<p data-prosemirror-content-type=\"node\" data-prosemirror-node-name=\"paragraph\" data-prosemirror-node-block=\"true\">#Logistique #Stockage #ICPE #SupplyChain #AgreeDouane #OEA #3PL #Entrep\u00f4t<\/p>\n","protected":false},"excerpt":{"rendered":"<p>A proximit\u00e9 imm\u00e9diate des grands axes routiers, au c\u0153ur de l&rsquo;Ouest, nous disposons actuellement de capacit\u00e9s suppl\u00e9mentaires de stockage en rack ou en masse\u00a0adapt\u00e9es \u00e0 toutes vos marchandises des plus simples au plus sensibles. Un environnement ma\u00eetris\u00e9 pour toutes vos marchandises : &#8211; 30 000 m\u00b2 d\u2019infrastructures, avec extension imm\u00e9diate disponible &#8211; Entrep\u00f4ts class\u00e9s ICPE [&hellip;]<\/p>\n","protected":false},"author":2,"featured_media":11969,"comment_status":"closed","ping_status":"open","sticky":false,"template":"","format":"standard","meta":{"om_disable_all_campaigns":false,"_monsterinsights_skip_tracking":false,"_monsterinsights_sitenote_active":false,"_monsterinsights_sitenote_note":"","_monsterinsights_sitenote_category":0,"footnotes":""},"categories":[4,5,17],"tags":[],"class_list":["post-11968","post","type-post","status-publish","format-standard","has-post-thumbnail","hentry","category-actualites","category-developpement","category-developpement-logistique"],"aioseo_notices":[],"_links":{"self":[{"href":"https:\/\/www.transports-coue.fr\/fr\/wp-json\/wp\/v2\/posts\/11968","targetHints":{"allow":["GET"]}}],"collection":[{"href":"https:\/\/www.transports-coue.fr\/fr\/wp-json\/wp\/v2\/posts"}],"about":[{"href":"https:\/\/www.transports-coue.fr\/fr\/wp-json\/wp\/v2\/types\/post"}],"author":[{"embeddable":true,"href":"https:\/\/www.transports-coue.fr\/fr\/wp-json\/wp\/v2\/users\/2"}],"replies":[{"embeddable":true,"href":"https:\/\/www.transports-coue.fr\/fr\/wp-json\/wp\/v2\/comments?post=11968"}],"version-history":[{"count":4,"href":"https:\/\/www.transports-coue.fr\/fr\/wp-json\/wp\/v2\/posts\/11968\/revisions"}],"predecessor-version":[{"id":12802,"href":"https:\/\/www.transports-coue.fr\/fr\/wp-json\/wp\/v2\/posts\/11968\/revisions\/12802"}],"wp:featuredmedia":[{"embeddable":true,"href":"https:\/\/www.transports-coue.fr\/fr\/wp-json\/wp\/v2\/media\/11969"}],"wp:attachment":[{"href":"https:\/\/www.transports-coue.fr\/fr\/wp-json\/wp\/v2\/media?parent=11968"}],"wp:term":[{"taxonomy":"category","embeddable":true,"href":"https:\/\/www.transports-coue.fr\/fr\/wp-json\/wp\/v2\/categories?post=11968"},{"taxonomy":"post_tag","embeddable":true,"href":"https:\/\/www.transports-coue.fr\/fr\/wp-json\/wp\/v2\/tags?post=11968"}],"curies":[{"name":"wp","href":"https:\/\/api.w.org\/{rel}","templated":true}]}}