{"id":11963,"date":"2025-07-09T18:59:16","date_gmt":"2025-07-09T16:59:16","guid":{"rendered":"https:\/\/www.transports-coue.fr\/?p=11963"},"modified":"2025-07-09T19:00:37","modified_gmt":"2025-07-09T17:00:37","slug":"nos-alternants-diplomes-une-belle-reussite","status":"publish","type":"post","link":"https:\/\/www.transports-coue.fr\/fr\/nos-alternants-diplomes-une-belle-reussite\/","title":{"rendered":"Nos alternants dipl\u00f4m\u00e9s, une belle r\u00e9ussite !"},"content":{"rendered":"<p data-prosemirror-content-type=\"node\" data-prosemirror-node-name=\"paragraph\" data-prosemirror-node-block=\"true\" data-pm-slice=\"1 1 []\">\ud83c\udf93 Nous sommes fiers de vous partager cette excellente nouvelle : <strong>nos alternants viennent d\u2019obtenir leur dipl\u00f4me !<\/strong><\/p>\n<p data-prosemirror-content-type=\"node\" data-prosemirror-node-name=\"paragraph\" data-prosemirror-node-block=\"true\">\ud83d\udc4f Bravo \u00e0 Arthur qui a obtenu sa <a href=\"https:\/\/www.francecompetences.fr\/recherche\/rncp\/39106\/\" target=\"_blank\" rel=\"noopener\">licence Responsable Op\u00e9rationnel de la Cha\u00eene Logistique<\/a><br data-prosemirror-content-type=\"node\" data-prosemirror-node-name=\"hardBreak\" data-prosemirror-node-inline=\"true\" \/>\ud83d\udc4f Bravo \u00e0 Youri pour l\u2019obtention de son <a href=\"https:\/\/www.francecompetences.fr\/recherche\/rncp\/35460\/\" target=\"_blank\" rel=\"noopener\">BTS Maintenance des V\u00e9hicules de Transport Routier<\/a><br data-prosemirror-content-type=\"node\" data-prosemirror-node-name=\"hardBreak\" data-prosemirror-node-inline=\"true\" \/>\ud83d\udc4f Bravo \u00e0 Yanis pour l\u2019obtention de son <a href=\"https:\/\/www.francecompetences.fr\/recherche\/rncp\/37672\/\" target=\"_blank\" rel=\"noopener\">CAP Logistique<\/a><\/p>\n<p data-prosemirror-content-type=\"node\" data-prosemirror-node-name=\"paragraph\" data-prosemirror-node-block=\"true\">Et courage \u00e0 K\u00e9vin qui passe ses partiels \ud83d\udcaa<\/p>\n<p data-prosemirror-content-type=\"node\" data-prosemirror-node-name=\"paragraph\" data-prosemirror-node-block=\"true\">Cette r\u00e9ussite, c\u2019est d\u2019abord la leur, mais aussi celle des \u00e9quipes qui les ont <strong>form\u00e9s, accompagn\u00e9s et int\u00e9gr\u00e9s<\/strong> au quotidien.<\/p>\n<p data-prosemirror-content-type=\"node\" data-prosemirror-node-name=\"paragraph\" data-prosemirror-node-block=\"true\">Un grand merci \u00e0 toutes celles et ceux qui participent activement \u00e0 cette dynamique de transmission.<\/p>\n<p data-prosemirror-content-type=\"node\" data-prosemirror-node-name=\"paragraph\" data-prosemirror-node-block=\"true\">\ud83c\udfaf L\u2019alternance fait pleinement partie de notre engagement en faveur de la transmission des comp\u00e9tences et de la pr\u00e9paration des talents de demain. Cette belle r\u00e9ussite collective en est encore une fois la preuve.<\/p>\n<p data-prosemirror-content-type=\"node\" data-prosemirror-node-name=\"paragraph\" data-prosemirror-node-block=\"true\">Encore bravo \u00e0 eux !<\/p>\n<p data-prosemirror-content-type=\"node\" data-prosemirror-node-name=\"paragraph\" data-prosemirror-node-block=\"true\">D\u00e9couvrez nos articles sur nos diff\u00e9rentes d\u00e9marches pour une meilleure connaissance du monde du Transport Routier et de la Logistique aupr\u00e8s des \u00e9l\u00e8ves et \u00e9tudiants :<br \/>\n<a href=\"https:\/\/www.transports-coue.fr\/fr\/une-journee-dechanges-avec-les-1eres-annees-du-bts-gtla-de-laval-53-mayenne\" target=\"_blank\" rel=\"noopener\">https:\/\/www.transports-coue.fr\/fr\/une-journee-dechanges-avec-les-1eres-annees-du-bts-gtla-de-laval-53-mayenne<\/a><br \/>\n<a href=\"https:\/\/www.transports-coue.fr\/fr\/visite-de-notre-entrepot-icpe-par-la-seconde-bac-pro-logistique-du-lycee-pierre-marie-curie-de-chateau-gontier-53\/\" target=\"_blank\" rel=\"noopener\">https:\/\/www.transports-coue.fr\/fr\/visite-de-notre-entrepot-icpe-par-la-seconde-bac-pro-logistique-du-lycee-pierre-marie-curie-de-chateau-gontier-53\/<\/a><br \/>\n<a href=\"https:\/\/www.transports-coue.fr\/fr\/retour-de-nos-salaries-dans-leur-lycee-pour-partager-leur-experience-du-transport-routier\/\" target=\"_blank\" rel=\"noopener\">https:\/\/www.transports-coue.fr\/fr\/retour-de-nos-salaries-dans-leur-lycee-pour-partager-leur-experience-du-transport-routier\/<\/a><br \/>\n<a href=\"https:\/\/www.transports-coue.fr\/fr\/promouvoir-nos-metiers-du-transport-routier-et-de-la-logistique\/\" target=\"_blank\" rel=\"noopener\">https:\/\/www.transports-coue.fr\/fr\/promouvoir-nos-metiers-du-transport-routier-et-de-la-logistique\/<\/a><br \/>\n<a href=\"https:\/\/www.transports-coue.fr\/fr\/accueil-dune-classe-de-seconde-bac-pro-transport-du-lycee-leonard-de-vinci-a-mayenne-53\/\" target=\"_blank\" rel=\"noopener\">https:\/\/www.transports-coue.fr\/fr\/accueil-dune-classe-de-seconde-bac-pro-transport-du-lycee-leonard-de-vinci-a-mayenne-53\/<\/a><br \/>\n<a href=\"https:\/\/www.transports-coue.fr\/fr\/notre-equipe-rh-prepare-des-terminales-aux-entretiens-pour-obtenir-un-job-ou-un-stage\/\" target=\"_blank\" rel=\"noopener\">https:\/\/www.transports-coue.fr\/fr\/notre-equipe-rh-prepare-des-terminales-aux-entretiens-pour-obtenir-un-job-ou-un-stage\/<\/a><br \/>\n<a href=\"https:\/\/www.transports-coue.fr\/fr\/presentations-et-echanges-sur-nos-metiers-du-transport-et-de-la-logistique-dans-un-college-et-lycee-bac-pro\/\" target=\"_blank\" rel=\"noopener\">https:\/\/www.transports-coue.fr\/fr\/presentations-et-echanges-sur-nos-metiers-du-transport-et-de-la-logistique-dans-un-college-et-lycee-bac-pro\/<\/a><br \/>\n<a href=\"https:\/\/www.transports-coue.fr\/fr\/presentation-de-nos-metiers-aux-collegiens\/\" target=\"_blank\" rel=\"noopener\">https:\/\/www.transports-coue.fr\/fr\/presentation-de-nos-metiers-aux-collegiens\/<\/a><br \/>\n<a href=\"https:\/\/www.transports-coue.fr\/fr\/8-lyceens-en-bac-pro-ctrm-sexercent-a-realiser-des-mises-a-quai-a-notre-logistique\/\" target=\"_blank\" rel=\"noopener\">https:\/\/www.transports-coue.fr\/fr\/8-lyceens-en-bac-pro-ctrm-sexercent-a-realiser-des-mises-a-quai-a-notre-logistique\/<\/a><br \/>\n<a href=\"https:\/\/www.transports-coue.fr\/fr\/le-lycee-don-bosco-visite-notre-port-sec-tcm\/\" target=\"_blank\" rel=\"noopener\">https:\/\/www.transports-coue.fr\/fr\/le-lycee-don-bosco-visite-notre-port-sec-tcm\/<\/a><br \/>\n<a href=\"https:\/\/www.transports-coue.fr\/fr\/laftral-profite-des-quais-de-notre-plateforme-logistique-pour-realiser-des-manoeuvres\/\" target=\"_blank\" rel=\"noopener\">https:\/\/www.transports-coue.fr\/fr\/laftral-profite-des-quais-de-notre-plateforme-logistique-pour-realiser-des-manoeuvres\/<\/a><br \/>\n<a href=\"https:\/\/www.transports-coue.fr\/fr\/stephane-un-de-nos-conducteurs-presente-son-metier-a-des-eleves-de-primaire\/\" target=\"_blank\" rel=\"noopener\">https:\/\/www.transports-coue.fr\/fr\/stephane-un-de-nos-conducteurs-presente-son-metier-a-des-eleves-de-primaire\/<\/a><br \/>\n<a href=\"https:\/\/www.transports-coue.fr\/fr\/glenn-un-de-nos-conducteurs-presente-son-camion-a-une-classe-de-maternelle-a-laval\/\" target=\"_blank\" rel=\"noopener\">https:\/\/www.transports-coue.fr\/fr\/glenn-un-de-nos-conducteurs-presente-son-camion-a-une-classe-de-maternelle-a-laval\/<\/a><br \/>\n<a href=\"https:\/\/www.transports-coue.fr\/fr\/formation-aftral-a-lentrepot-des-transports-coue\/\" target=\"_blank\" rel=\"noopener\">https:\/\/www.transports-coue.fr\/fr\/formation-aftral-a-lentrepot-des-transports-coue\/<\/a><br \/>\n<a href=\"https:\/\/www.transports-coue.fr\/fr\/transports-coue-a-remis-une-remorque-tautliner-aux-lyceens-bac-pro-conducteur-transport-routier-a-mayenne\/\" target=\"_blank\" rel=\"noopener\">https:\/\/www.transports-coue.fr\/fr\/transports-coue-a-remis-une-remorque-tautliner-aux-lyceens-bac-pro-conducteur-transport-routier-a-mayenne\/<\/a><br \/>\n<a href=\"https:\/\/www.transports-coue.fr\/fr\/transports-coue-accueillent-4-etudiants-en-iut-gestion-et-logistique-le-24-octovre-2018\/\" target=\"_blank\" rel=\"noopener\">https:\/\/www.transports-coue.fr\/fr\/transports-coue-accueillent-4-etudiants-en-iut-gestion-et-logistique-le-24-octovre-2018\/<\/a><\/p>\n<p data-prosemirror-content-type=\"node\" data-prosemirror-node-name=\"paragraph\" data-prosemirror-node-block=\"true\">#Alternance #TransportRoutier #Logistique #Formation #M\u00e9tiersDuTransport<\/p>\n","protected":false},"excerpt":{"rendered":"<p>\ud83c\udf93 Nous sommes fiers de vous partager cette excellente nouvelle : nos alternants viennent d\u2019obtenir leur dipl\u00f4me ! \ud83d\udc4f Bravo \u00e0 Arthur qui a obtenu sa licence Responsable Op\u00e9rationnel de la Cha\u00eene Logistique\ud83d\udc4f Bravo \u00e0 Youri pour l\u2019obtention de son BTS Maintenance des V\u00e9hicules de Transport Routier\ud83d\udc4f Bravo \u00e0 Yanis pour l\u2019obtention de son CAP [&hellip;]<\/p>\n","protected":false},"author":2,"featured_media":11966,"comment_status":"closed","ping_status":"open","sticky":false,"template":"","format":"standard","meta":{"om_disable_all_campaigns":false,"_monsterinsights_skip_tracking":false,"_monsterinsights_sitenote_active":false,"_monsterinsights_sitenote_note":"","_monsterinsights_sitenote_category":0,"footnotes":""},"categories":[4,6],"tags":[],"class_list":["post-11963","post","type-post","status-publish","format-standard","has-post-thumbnail","hentry","category-actualites","category-evenements"],"aioseo_notices":[],"_links":{"self":[{"href":"https:\/\/www.transports-coue.fr\/fr\/wp-json\/wp\/v2\/posts\/11963","targetHints":{"allow":["GET"]}}],"collection":[{"href":"https:\/\/www.transports-coue.fr\/fr\/wp-json\/wp\/v2\/posts"}],"about":[{"href":"https:\/\/www.transports-coue.fr\/fr\/wp-json\/wp\/v2\/types\/post"}],"author":[{"embeddable":true,"href":"https:\/\/www.transports-coue.fr\/fr\/wp-json\/wp\/v2\/users\/2"}],"replies":[{"embeddable":true,"href":"https:\/\/www.transports-coue.fr\/fr\/wp-json\/wp\/v2\/comments?post=11963"}],"version-history":[{"count":2,"href":"https:\/\/www.transports-coue.fr\/fr\/wp-json\/wp\/v2\/posts\/11963\/revisions"}],"predecessor-version":[{"id":11965,"href":"https:\/\/www.transports-coue.fr\/fr\/wp-json\/wp\/v2\/posts\/11963\/revisions\/11965"}],"wp:featuredmedia":[{"embeddable":true,"href":"https:\/\/www.transports-coue.fr\/fr\/wp-json\/wp\/v2\/media\/11966"}],"wp:attachment":[{"href":"https:\/\/www.transports-coue.fr\/fr\/wp-json\/wp\/v2\/media?parent=11963"}],"wp:term":[{"taxonomy":"category","embeddable":true,"href":"https:\/\/www.transports-coue.fr\/fr\/wp-json\/wp\/v2\/categories?post=11963"},{"taxonomy":"post_tag","embeddable":true,"href":"https:\/\/www.transports-coue.fr\/fr\/wp-json\/wp\/v2\/tags?post=11963"}],"curies":[{"name":"wp","href":"https:\/\/api.w.org\/{rel}","templated":true}]}}