{"id":11949,"date":"2025-06-26T16:47:22","date_gmt":"2025-06-26T14:47:22","guid":{"rendered":"https:\/\/www.transports-coue.fr\/?p=11949"},"modified":"2025-06-26T17:15:36","modified_gmt":"2025-06-26T15:15:36","slug":"notre-engagement-pour-la-prevention-securite-routiere-en-entreprise-de-nos-collaborateurs-officialise-par-la-signature-de-la-charte-asre-53","status":"publish","type":"post","link":"https:\/\/www.transports-coue.fr\/fr\/notre-engagement-pour-la-prevention-securite-routiere-en-entreprise-de-nos-collaborateurs-officialise-par-la-signature-de-la-charte-asre-53\/","title":{"rendered":"Notre engagement pour la Pr\u00e9vention S\u00e9curit\u00e9 routi\u00e8re en entreprise de nos collaborateurs, officialis\u00e9 par la Signature de la Charte ASRE 53"},"content":{"rendered":"<p data-prosemirror-content-type=\"node\" data-prosemirror-node-name=\"paragraph\" data-prosemirror-node-block=\"true\" data-pm-slice=\"1 1 []\">\ud83e\uddba S\u00e9curit\u00e9 routi\u00e8re : Mobilis\u00e9s pour la pr\u00e9vention des risques routiers <strong>sur et en dehors de la route !<\/strong><\/p>\n<p data-prosemirror-content-type=\"node\" data-prosemirror-node-name=\"paragraph\" data-prosemirror-node-block=\"true\">\ud83d\udcac En tant qu\u2019acteur du transport routier, la s\u00e9curit\u00e9 fait partie int\u00e9grante de notre responsabilit\u00e9 et de notre culture d\u2019entreprise :<br \/>\n\u2714\ufe0f S\u00e9curit\u00e9 de nos conducteurs,<br \/>\n\u2714\ufe0f S\u00e9curit\u00e9 des autres usagers,<br \/>\n\u2714\ufe0f S\u00e9curit\u00e9 des marchandises transport\u00e9es.<\/p>\n<p data-prosemirror-content-type=\"node\" data-prosemirror-node-name=\"paragraph\" data-prosemirror-node-block=\"true\"><a href=\"https:\/\/www.transports-coue.fr\/fr\/nos-engagements\/notre-demarche-rse\/\" target=\"_blank\" rel=\"noopener\">Notre engagement<\/a> va plus loin : nous pla\u00e7ons \u00e9galement la <strong>protection de la sant\u00e9 de nos collaborateurs<\/strong> et la <strong>sensibilisation aux risques routiers professionnels<\/strong>\u00a0au c\u0153ur de nos priorit\u00e9s.<\/p>\n<p data-prosemirror-content-type=\"node\" data-prosemirror-node-name=\"paragraph\" data-prosemirror-node-block=\"true\">\ud83d\udc49 Dans cette logique, nous avons eu le plaisir, <a href=\"https:\/\/www.linkedin.com\/posts\/activity-7341090124593524739-Fpcp?utm_source=share&amp;utm_medium=member_desktop&amp;rcm=ACoAAAsUCEsBxEIhmhwtXE5KVPbEJZEX_DxuobA\" target=\"_blank\" rel=\"noopener\">ce 16 juin<\/a>, de rejoindre la dynamique port\u00e9e par l\u2019ASRE 53 (Association pour la S\u00e9curit\u00e9 Routi\u00e8re en Entreprise), en signant officiellement sa charte pour la s\u00e9curit\u00e9 routi\u00e8re en entreprise.<\/p>\n<p data-prosemirror-content-type=\"node\" data-prosemirror-node-name=\"paragraph\" data-prosemirror-node-block=\"true\">\u00c0 travers cette charte, nous nous engageons \u00e0 adopter des pratiques responsables :<br \/>\n\u2705 Limiter les appels t\u00e9l\u00e9phoniques au volant aux cas d\u2019urgence<br \/>\n\u2705 Promouvoir la sobri\u00e9t\u00e9 sur la route<br \/>\n\u2705 Imposer le port de la ceinture de s\u00e9curit\u00e9<br \/>\n\u2705 Refuser le d\u00e9passement des vitesses autoris\u00e9es<br \/>\n\u2705 Int\u00e9grer des temps de repos dans les trajets professionnels<br \/>\n\u2705 Renforcer la s\u00e9curit\u00e9 des salari\u00e9s sur la route<br \/>\n\u2705 Encourager les conducteurs de deux-roues \u00e0 mieux s\u2019\u00e9quiper<\/p>\n<p data-prosemirror-content-type=\"node\" data-prosemirror-node-name=\"paragraph\" data-prosemirror-node-block=\"true\">Un grand merci \u00e0 l\u2019ASRE 53 et \u00e0 ses membres pour cette initiative !<\/p>\n<p data-prosemirror-content-type=\"node\" data-prosemirror-node-name=\"paragraph\" data-prosemirror-node-block=\"true\">#S\u00e9curit\u00e9Routi\u00e8re #EngagementEntreprise #Pr\u00e9ventionRouti\u00e8re #TransportRoutier #ASRE53 #S\u00e9curit\u00e9AuTravail #TransportResponsable<\/p>\n","protected":false},"excerpt":{"rendered":"<p>\ud83e\uddba S\u00e9curit\u00e9 routi\u00e8re : Mobilis\u00e9s pour la pr\u00e9vention des risques routiers sur et en dehors de la route ! \ud83d\udcac En tant qu\u2019acteur du transport routier, la s\u00e9curit\u00e9 fait partie int\u00e9grante de notre responsabilit\u00e9 et de notre culture d\u2019entreprise : \u2714\ufe0f S\u00e9curit\u00e9 de nos conducteurs, \u2714\ufe0f S\u00e9curit\u00e9 des autres usagers, \u2714\ufe0f S\u00e9curit\u00e9 des marchandises transport\u00e9es. [&hellip;]<\/p>\n","protected":false},"author":2,"featured_media":11950,"comment_status":"closed","ping_status":"open","sticky":false,"template":"","format":"standard","meta":{"om_disable_all_campaigns":false,"_monsterinsights_skip_tracking":false,"_monsterinsights_sitenote_active":false,"_monsterinsights_sitenote_note":"","_monsterinsights_sitenote_category":0,"footnotes":""},"categories":[4,6],"tags":[],"class_list":["post-11949","post","type-post","status-publish","format-standard","has-post-thumbnail","hentry","category-actualites","category-evenements"],"aioseo_notices":[],"_links":{"self":[{"href":"https:\/\/www.transports-coue.fr\/fr\/wp-json\/wp\/v2\/posts\/11949","targetHints":{"allow":["GET"]}}],"collection":[{"href":"https:\/\/www.transports-coue.fr\/fr\/wp-json\/wp\/v2\/posts"}],"about":[{"href":"https:\/\/www.transports-coue.fr\/fr\/wp-json\/wp\/v2\/types\/post"}],"author":[{"embeddable":true,"href":"https:\/\/www.transports-coue.fr\/fr\/wp-json\/wp\/v2\/users\/2"}],"replies":[{"embeddable":true,"href":"https:\/\/www.transports-coue.fr\/fr\/wp-json\/wp\/v2\/comments?post=11949"}],"version-history":[{"count":3,"href":"https:\/\/www.transports-coue.fr\/fr\/wp-json\/wp\/v2\/posts\/11949\/revisions"}],"predecessor-version":[{"id":11954,"href":"https:\/\/www.transports-coue.fr\/fr\/wp-json\/wp\/v2\/posts\/11949\/revisions\/11954"}],"wp:featuredmedia":[{"embeddable":true,"href":"https:\/\/www.transports-coue.fr\/fr\/wp-json\/wp\/v2\/media\/11950"}],"wp:attachment":[{"href":"https:\/\/www.transports-coue.fr\/fr\/wp-json\/wp\/v2\/media?parent=11949"}],"wp:term":[{"taxonomy":"category","embeddable":true,"href":"https:\/\/www.transports-coue.fr\/fr\/wp-json\/wp\/v2\/categories?post=11949"},{"taxonomy":"post_tag","embeddable":true,"href":"https:\/\/www.transports-coue.fr\/fr\/wp-json\/wp\/v2\/tags?post=11949"}],"curies":[{"name":"wp","href":"https:\/\/api.w.org\/{rel}","templated":true}]}}