{"id":11847,"date":"2025-04-25T17:39:38","date_gmt":"2025-04-25T15:39:38","guid":{"rendered":"https:\/\/www.transports-coue.fr\/?p=11847"},"modified":"2025-04-25T17:42:41","modified_gmt":"2025-04-25T15:42:41","slug":"une-journee-dechanges-avec-les-1eres-annees-du-bts-gtla-de-laval-53-mayenne","status":"publish","type":"post","link":"https:\/\/www.transports-coue.fr\/fr\/une-journee-dechanges-avec-les-1eres-annees-du-bts-gtla-de-laval-53-mayenne\/","title":{"rendered":"Une journ\u00e9e d&rsquo;\u00e9changes avec les 1\u00e8res ann\u00e9es du BTS GTLA de Laval (53, Mayenne)"},"content":{"rendered":"<p data-prosemirror-content-type=\"node\" data-prosemirror-node-name=\"paragraph\" data-prosemirror-node-block=\"true\" data-pm-slice=\"1 1 []\">\ud83d\udcf8 Retour en images sur la Journ\u00e9e avec les BTS GTLA !<\/p>\n<p data-prosemirror-content-type=\"node\" data-prosemirror-node-name=\"paragraph\" data-prosemirror-node-block=\"true\">Nous avons eu le plaisir d\u2019accueillir les \u00e9tudiants de 1\u00e8re ann\u00e9e du <a href=\"https:\/\/ambroise-pare.paysdelaloire.e-lyco.fr\/les-formations\/\" target=\"_blank\" rel=\"noopener\">BTS GTLA<\/a> (Gestion des Transports et Logistique Associ\u00e9e) du <strong>Lyc\u00e9e Ambroise Par\u00e9 \u00e0 Laval<\/strong> (53).<\/p>\n<p data-prosemirror-content-type=\"node\" data-prosemirror-node-name=\"paragraph\" data-prosemirror-node-block=\"true\">\ud83d\ude9b \ud83d\udce6 Une journ\u00e9e riche en \u00e9changes, en partages d\u2019exp\u00e9riences et en d\u00e9couvertes autour de notre univers du transport et de la logistique, rendue possible gr\u00e2ce \u00e0 la confiance de <strong>Mathieu Icher<\/strong> et <strong>V\u00e9ronique Lecomte<\/strong> impliqu\u00e9s dans le lien \u00e9cole-entreprise du Lyc\u00e9e<\/p>\n<p data-prosemirror-content-type=\"node\" data-prosemirror-node-name=\"paragraph\" data-prosemirror-node-block=\"true\">\ud83d\udc4f Des \u00e9l\u00e8ves curieux et motiv\u00e9s, encadr\u00e9s par une \u00e9quipe enseignante investie, ont pu b\u00e9n\u00e9ficier des t\u00e9moignages concrets de nos collaborateurs, que nous remercions pour leur disponibilit\u00e9 et leur implication !<\/p>\n<p data-prosemirror-content-type=\"node\" data-prosemirror-node-name=\"paragraph\" data-prosemirror-node-block=\"true\">Toujours un plaisir de rencontrer les talents de demain !<\/p>\n<p data-prosemirror-content-type=\"node\" data-prosemirror-node-name=\"paragraph\" data-prosemirror-node-block=\"true\">D\u00e9couvrez nos articles sur nos diff\u00e9rentes d\u00e9marches pour une meilleure connaissance du monde du Transport Routier et de la Logistique aupr\u00e8s des \u00e9l\u00e8ves et \u00e9tudiants :<br \/>\n<a href=\"https:\/\/www.transports-coue.fr\/fr\/visite-de-notre-entrepot-icpe-par-la-seconde-bac-pro-logistique-du-lycee-pierre-marie-curie-de-chateau-gontier-53\/\" target=\"_blank\" rel=\"noopener\">https:\/\/www.transports-coue.fr\/fr\/visite-de-notre-entrepot-icpe-par-la-seconde-bac-pro-logistique-du-lycee-pierre-marie-curie-de-chateau-gontier-53\/<\/a><br \/>\n<a href=\"https:\/\/www.transports-coue.fr\/fr\/retour-de-nos-salaries-dans-leur-lycee-pour-partager-leur-experience-du-transport-routier\/\" target=\"_blank\" rel=\"noopener\">https:\/\/www.transports-coue.fr\/fr\/retour-de-nos-salaries-dans-leur-lycee-pour-partager-leur-experience-du-transport-routier\/<\/a><br \/>\n<a href=\"https:\/\/www.transports-coue.fr\/fr\/promouvoir-nos-metiers-du-transport-routier-et-de-la-logistique\/\" target=\"_blank\" rel=\"noopener\">https:\/\/www.transports-coue.fr\/fr\/promouvoir-nos-metiers-du-transport-routier-et-de-la-logistique\/<\/a><br \/>\n<a href=\"https:\/\/www.transports-coue.fr\/fr\/accueil-dune-classe-de-seconde-bac-pro-transport-du-lycee-leonard-de-vinci-a-mayenne-53\/\" target=\"_blank\" rel=\"noopener\">https:\/\/www.transports-coue.fr\/fr\/accueil-dune-classe-de-seconde-bac-pro-transport-du-lycee-leonard-de-vinci-a-mayenne-53\/<\/a><br \/>\n<a href=\"https:\/\/www.transports-coue.fr\/fr\/notre-equipe-rh-prepare-des-terminales-aux-entretiens-pour-obtenir-un-job-ou-un-stage\/\" target=\"_blank\" rel=\"noopener\">https:\/\/www.transports-coue.fr\/fr\/notre-equipe-rh-prepare-des-terminales-aux-entretiens-pour-obtenir-un-job-ou-un-stage\/<\/a><br \/>\n<a href=\"https:\/\/www.transports-coue.fr\/fr\/presentations-et-echanges-sur-nos-metiers-du-transport-et-de-la-logistique-dans-un-college-et-lycee-bac-pro\/\" target=\"_blank\" rel=\"noopener\">https:\/\/www.transports-coue.fr\/fr\/presentations-et-echanges-sur-nos-metiers-du-transport-et-de-la-logistique-dans-un-college-et-lycee-bac-pro\/<\/a><br \/>\n<a href=\"https:\/\/www.transports-coue.fr\/fr\/presentation-de-nos-metiers-aux-collegiens\/\" target=\"_blank\" rel=\"noopener\">https:\/\/www.transports-coue.fr\/fr\/presentation-de-nos-metiers-aux-collegiens\/<\/a><br \/>\n<a href=\"https:\/\/www.transports-coue.fr\/fr\/8-lyceens-en-bac-pro-ctrm-sexercent-a-realiser-des-mises-a-quai-a-notre-logistique\/\" target=\"_blank\" rel=\"noopener\">https:\/\/www.transports-coue.fr\/fr\/8-lyceens-en-bac-pro-ctrm-sexercent-a-realiser-des-mises-a-quai-a-notre-logistique\/<\/a><br \/>\n<a href=\"https:\/\/www.transports-coue.fr\/fr\/le-lycee-don-bosco-visite-notre-port-sec-tcm\/\" target=\"_blank\" rel=\"noopener\">https:\/\/www.transports-coue.fr\/fr\/le-lycee-don-bosco-visite-notre-port-sec-tcm\/<\/a><br \/>\n<a href=\"https:\/\/www.transports-coue.fr\/fr\/laftral-profite-des-quais-de-notre-plateforme-logistique-pour-realiser-des-manoeuvres\/\" target=\"_blank\" rel=\"noopener\">https:\/\/www.transports-coue.fr\/fr\/laftral-profite-des-quais-de-notre-plateforme-logistique-pour-realiser-des-manoeuvres\/<\/a><br \/>\n<a href=\"https:\/\/www.transports-coue.fr\/fr\/stephane-un-de-nos-conducteurs-presente-son-metier-a-des-eleves-de-primaire\/\" target=\"_blank\" rel=\"noopener\">https:\/\/www.transports-coue.fr\/fr\/stephane-un-de-nos-conducteurs-presente-son-metier-a-des-eleves-de-primaire\/<\/a><br \/>\n<a href=\"https:\/\/www.transports-coue.fr\/fr\/glenn-un-de-nos-conducteurs-presente-son-camion-a-une-classe-de-maternelle-a-laval\/\" target=\"_blank\" rel=\"noopener\">https:\/\/www.transports-coue.fr\/fr\/glenn-un-de-nos-conducteurs-presente-son-camion-a-une-classe-de-maternelle-a-laval\/<\/a><br \/>\n<a href=\"https:\/\/www.transports-coue.fr\/fr\/formation-aftral-a-lentrepot-des-transports-coue\/\" target=\"_blank\" rel=\"noopener\">https:\/\/www.transports-coue.fr\/fr\/formation-aftral-a-lentrepot-des-transports-coue\/<\/a><br \/>\n<a href=\"https:\/\/www.transports-coue.fr\/fr\/transports-coue-a-remis-une-remorque-tautliner-aux-lyceens-bac-pro-conducteur-transport-routier-a-mayenne\/\" target=\"_blank\" rel=\"noopener\">https:\/\/www.transports-coue.fr\/fr\/transports-coue-a-remis-une-remorque-tautliner-aux-lyceens-bac-pro-conducteur-transport-routier-a-mayenne\/<\/a><br \/>\n<a href=\"https:\/\/www.transports-coue.fr\/fr\/transports-coue-accueillent-4-etudiants-en-iut-gestion-et-logistique-le-24-octovre-2018\/\" target=\"_blank\" rel=\"noopener\">https:\/\/www.transports-coue.fr\/fr\/transports-coue-accueillent-4-etudiants-en-iut-gestion-et-logistique-le-24-octovre-2018\/<\/a><\/p>\n<p data-prosemirror-content-type=\"node\" data-prosemirror-node-name=\"paragraph\" data-prosemirror-node-block=\"true\"><img loading=\"lazy\" decoding=\"async\" class=\"alignnone wp-image-11844 size-large\" src=\"https:\/\/www.transports-coue.fr\/wp-content\/uploads\/2025\/04\/groupe-coue-trm-visite-eleves-bts-gtla-web-min-5-1030x773.webp\" alt=\"Accueil \u00e9l\u00e8ves 1\u00e8re ann\u00e9e BTS GTLA Lyc\u00e9e Ambroise Par\u00e9\" width=\"1030\" height=\"773\" srcset=\"https:\/\/www.transports-coue.fr\/wp-content\/uploads\/2025\/04\/groupe-coue-trm-visite-eleves-bts-gtla-web-min-5-1030x773.webp 1030w, https:\/\/www.transports-coue.fr\/wp-content\/uploads\/2025\/04\/groupe-coue-trm-visite-eleves-bts-gtla-web-min-5-300x225.webp 300w, https:\/\/www.transports-coue.fr\/wp-content\/uploads\/2025\/04\/groupe-coue-trm-visite-eleves-bts-gtla-web-min-5-80x60.webp 80w, https:\/\/www.transports-coue.fr\/wp-content\/uploads\/2025\/04\/groupe-coue-trm-visite-eleves-bts-gtla-web-min-5-768x576.webp 768w, https:\/\/www.transports-coue.fr\/wp-content\/uploads\/2025\/04\/groupe-coue-trm-visite-eleves-bts-gtla-web-min-5-705x529.webp 705w, https:\/\/www.transports-coue.fr\/wp-content\/uploads\/2025\/04\/groupe-coue-trm-visite-eleves-bts-gtla-web-min-5.webp 1440w\" sizes=\"auto, (max-width: 1030px) 100vw, 1030px\" \/> <img loading=\"lazy\" decoding=\"async\" class=\"alignnone wp-image-11842 size-large\" src=\"https:\/\/www.transports-coue.fr\/wp-content\/uploads\/2025\/04\/groupe-coue-trm-visite-eleves-bts-gtla-web-min-4-1030x773.webp\" alt=\"Accueil \u00e9l\u00e8ves 1\u00e8re ann\u00e9e BTS GTLA Lyc\u00e9e Ambroise Par\u00e9\" width=\"1030\" height=\"773\" srcset=\"https:\/\/www.transports-coue.fr\/wp-content\/uploads\/2025\/04\/groupe-coue-trm-visite-eleves-bts-gtla-web-min-4-1030x773.webp 1030w, https:\/\/www.transports-coue.fr\/wp-content\/uploads\/2025\/04\/groupe-coue-trm-visite-eleves-bts-gtla-web-min-4-300x225.webp 300w, https:\/\/www.transports-coue.fr\/wp-content\/uploads\/2025\/04\/groupe-coue-trm-visite-eleves-bts-gtla-web-min-4-80x60.webp 80w, https:\/\/www.transports-coue.fr\/wp-content\/uploads\/2025\/04\/groupe-coue-trm-visite-eleves-bts-gtla-web-min-4-768x576.webp 768w, https:\/\/www.transports-coue.fr\/wp-content\/uploads\/2025\/04\/groupe-coue-trm-visite-eleves-bts-gtla-web-min-4-705x529.webp 705w, https:\/\/www.transports-coue.fr\/wp-content\/uploads\/2025\/04\/groupe-coue-trm-visite-eleves-bts-gtla-web-min-4.webp 1440w\" sizes=\"auto, (max-width: 1030px) 100vw, 1030px\" \/> <img loading=\"lazy\" decoding=\"async\" class=\"alignnone wp-image-11840 size-large\" src=\"https:\/\/www.transports-coue.fr\/wp-content\/uploads\/2025\/04\/groupe-coue-trm-visite-eleves-bts-gtla-web-min-3-1030x773.webp\" alt=\"Accueil \u00e9l\u00e8ves 1\u00e8re ann\u00e9e BTS GTLA Lyc\u00e9e Ambroise Par\u00e9\" width=\"1030\" height=\"773\" srcset=\"https:\/\/www.transports-coue.fr\/wp-content\/uploads\/2025\/04\/groupe-coue-trm-visite-eleves-bts-gtla-web-min-3-1030x773.webp 1030w, https:\/\/www.transports-coue.fr\/wp-content\/uploads\/2025\/04\/groupe-coue-trm-visite-eleves-bts-gtla-web-min-3-300x225.webp 300w, https:\/\/www.transports-coue.fr\/wp-content\/uploads\/2025\/04\/groupe-coue-trm-visite-eleves-bts-gtla-web-min-3-80x60.webp 80w, https:\/\/www.transports-coue.fr\/wp-content\/uploads\/2025\/04\/groupe-coue-trm-visite-eleves-bts-gtla-web-min-3-768x576.webp 768w, https:\/\/www.transports-coue.fr\/wp-content\/uploads\/2025\/04\/groupe-coue-trm-visite-eleves-bts-gtla-web-min-3-705x529.webp 705w, https:\/\/www.transports-coue.fr\/wp-content\/uploads\/2025\/04\/groupe-coue-trm-visite-eleves-bts-gtla-web-min-3.webp 1440w\" sizes=\"auto, (max-width: 1030px) 100vw, 1030px\" \/> <img loading=\"lazy\" decoding=\"async\" class=\"alignnone wp-image-11838 size-large\" src=\"https:\/\/www.transports-coue.fr\/wp-content\/uploads\/2025\/04\/groupe-coue-trm-visite-eleves-bts-gtla-web-min-2-1030x773.webp\" alt=\"Accueil \u00e9l\u00e8ves 1\u00e8re ann\u00e9e BTS GTLA Lyc\u00e9e Ambroise Par\u00e9\" width=\"1030\" height=\"773\" srcset=\"https:\/\/www.transports-coue.fr\/wp-content\/uploads\/2025\/04\/groupe-coue-trm-visite-eleves-bts-gtla-web-min-2-1030x773.webp 1030w, https:\/\/www.transports-coue.fr\/wp-content\/uploads\/2025\/04\/groupe-coue-trm-visite-eleves-bts-gtla-web-min-2-300x225.webp 300w, https:\/\/www.transports-coue.fr\/wp-content\/uploads\/2025\/04\/groupe-coue-trm-visite-eleves-bts-gtla-web-min-2-80x60.webp 80w, https:\/\/www.transports-coue.fr\/wp-content\/uploads\/2025\/04\/groupe-coue-trm-visite-eleves-bts-gtla-web-min-2-768x576.webp 768w, https:\/\/www.transports-coue.fr\/wp-content\/uploads\/2025\/04\/groupe-coue-trm-visite-eleves-bts-gtla-web-min-2-705x529.webp 705w, https:\/\/www.transports-coue.fr\/wp-content\/uploads\/2025\/04\/groupe-coue-trm-visite-eleves-bts-gtla-web-min-2.webp 1440w\" sizes=\"auto, (max-width: 1030px) 100vw, 1030px\" \/><\/p>\n<p data-prosemirror-content-type=\"node\" data-prosemirror-node-name=\"paragraph\" data-prosemirror-node-block=\"true\">\n<p data-prosemirror-content-type=\"node\" data-prosemirror-node-name=\"paragraph\" data-prosemirror-node-block=\"true\">#Logistique #TransportRoutier #Formation #Rencontre #FiersDeNotreM\u00e9tier #BTSGTLA #AmbroisePar\u00e9<\/p>\n","protected":false},"excerpt":{"rendered":"<p>\ud83d\udcf8 Retour en images sur la Journ\u00e9e avec les BTS GTLA ! Nous avons eu le plaisir d\u2019accueillir les \u00e9tudiants de 1\u00e8re ann\u00e9e du BTS GTLA (Gestion des Transports et Logistique Associ\u00e9e) du Lyc\u00e9e Ambroise Par\u00e9 \u00e0 Laval (53). \ud83d\ude9b \ud83d\udce6 Une journ\u00e9e riche en \u00e9changes, en partages d\u2019exp\u00e9riences et en d\u00e9couvertes autour de notre [&hellip;]<\/p>\n","protected":false},"author":2,"featured_media":11836,"comment_status":"closed","ping_status":"open","sticky":false,"template":"","format":"standard","meta":{"om_disable_all_campaigns":false,"_monsterinsights_skip_tracking":false,"_monsterinsights_sitenote_active":false,"_monsterinsights_sitenote_note":"","_monsterinsights_sitenote_category":0,"footnotes":""},"categories":[4,6],"tags":[],"class_list":["post-11847","post","type-post","status-publish","format-standard","has-post-thumbnail","hentry","category-actualites","category-evenements"],"aioseo_notices":[],"_links":{"self":[{"href":"https:\/\/www.transports-coue.fr\/fr\/wp-json\/wp\/v2\/posts\/11847","targetHints":{"allow":["GET"]}}],"collection":[{"href":"https:\/\/www.transports-coue.fr\/fr\/wp-json\/wp\/v2\/posts"}],"about":[{"href":"https:\/\/www.transports-coue.fr\/fr\/wp-json\/wp\/v2\/types\/post"}],"author":[{"embeddable":true,"href":"https:\/\/www.transports-coue.fr\/fr\/wp-json\/wp\/v2\/users\/2"}],"replies":[{"embeddable":true,"href":"https:\/\/www.transports-coue.fr\/fr\/wp-json\/wp\/v2\/comments?post=11847"}],"version-history":[{"count":1,"href":"https:\/\/www.transports-coue.fr\/fr\/wp-json\/wp\/v2\/posts\/11847\/revisions"}],"predecessor-version":[{"id":11848,"href":"https:\/\/www.transports-coue.fr\/fr\/wp-json\/wp\/v2\/posts\/11847\/revisions\/11848"}],"wp:featuredmedia":[{"embeddable":true,"href":"https:\/\/www.transports-coue.fr\/fr\/wp-json\/wp\/v2\/media\/11836"}],"wp:attachment":[{"href":"https:\/\/www.transports-coue.fr\/fr\/wp-json\/wp\/v2\/media?parent=11847"}],"wp:term":[{"taxonomy":"category","embeddable":true,"href":"https:\/\/www.transports-coue.fr\/fr\/wp-json\/wp\/v2\/categories?post=11847"},{"taxonomy":"post_tag","embeddable":true,"href":"https:\/\/www.transports-coue.fr\/fr\/wp-json\/wp\/v2\/tags?post=11847"}],"curies":[{"name":"wp","href":"https:\/\/api.w.org\/{rel}","templated":true}]}}