{"id":11805,"date":"2025-03-27T16:40:08","date_gmt":"2025-03-27T15:40:08","guid":{"rendered":"https:\/\/www.transports-coue.fr\/?p=11805"},"modified":"2025-03-27T17:11:20","modified_gmt":"2025-03-27T16:11:20","slug":"retour-en-images-sur-la-visite-de-nos-sites-par-les-dirigeants-regionaux-de-notre-groupement-evolutrans","status":"publish","type":"post","link":"https:\/\/www.transports-coue.fr\/fr\/retour-en-images-sur-la-visite-de-nos-sites-par-les-dirigeants-regionaux-de-notre-groupement-evolutrans\/","title":{"rendered":"Retour en images sur la visite de nos sites par les Dirigeants R\u00e9gionaux de notre groupement Evolutrans"},"content":{"rendered":"\n<p><\/p>\n\n\n<p data-prosemirror-content-type=\"node\" data-prosemirror-node-name=\"paragraph\" data-prosemirror-node-block=\"true\" data-pm-slice=\"1 1 []\">Ce 19 mars, nous avons eu le plaisir d\u2019accueillir la R\u00e9union des Dirigeants R\u00e9gionaux de notre groupement <a href=\"https:\/\/www.evolutrans.fr\/\" target=\"_blank\" rel=\"noopener\">Evolutrans.<\/a><\/p>\n<p data-prosemirror-content-type=\"node\" data-prosemirror-node-name=\"paragraph\" data-prosemirror-node-block=\"true\">Au programme :<br data-prosemirror-content-type=\"node\" data-prosemirror-node-name=\"hardBreak\" data-prosemirror-node-inline=\"true\">\u2705 Une journ\u00e9e riche en \u00e9changes, en r\u00e9flexions strat\u00e9giques et constructives sur les enjeux de notre r\u00e9seau.<br data-prosemirror-content-type=\"node\" data-prosemirror-node-name=\"hardBreak\" data-prosemirror-node-inline=\"true\">\u2705 L&rsquo;occasion \u00e9galement de visiter nos diff\u00e9rents sites, nos plateformes Transport et Logistique, pour partager notre savoir-faire et nos infrastructures avec nos partenaires.<\/p>\n<p data-prosemirror-content-type=\"node\" data-prosemirror-node-name=\"paragraph\" data-prosemirror-node-block=\"true\">Ces moments sont essentiels pour renforcer notre coh\u00e9sion \ud83e\udd1d, partager nos visions et construire ensemble l\u2019avenir du transport et de la logistique.<\/p>\n<p data-prosemirror-content-type=\"node\" data-prosemirror-node-name=\"paragraph\" data-prosemirror-node-block=\"true\">Merci \u00e0 tous les participants pour cette belle dynamique collective !<\/p>\n<p data-prosemirror-content-type=\"node\" data-prosemirror-node-name=\"paragraph\" data-prosemirror-node-block=\"true\">D\u00e9couvrez toutes nos actualit\u00e9s :&nbsp;<br><a href=\"https:\/\/www.transports-coue.fr\/fr\/actualites\/\" target=\"_blank\" rel=\"noopener\">https:\/\/www.transports-coue.fr\/fr\/actualites\/<\/a><\/p>\n<p><img loading=\"lazy\" decoding=\"async\" class=\"alignnone wp-image-11814 size-full\" src=\"https:\/\/www.transports-coue.fr\/wp-content\/uploads\/2025\/03\/Groupe-coue-reunion-dirigeants-evolutrans-mars-2025-web-4.webp\" alt=\"R\u00e9union des dirigeants r\u00e9gionaux d'Evolutrans chez Groupe Cou\u00e9 TRM\" width=\"1280\" height=\"720\" srcset=\"https:\/\/www.transports-coue.fr\/wp-content\/uploads\/2025\/03\/Groupe-coue-reunion-dirigeants-evolutrans-mars-2025-web-4.webp 1280w, https:\/\/www.transports-coue.fr\/wp-content\/uploads\/2025\/03\/Groupe-coue-reunion-dirigeants-evolutrans-mars-2025-web-4-300x169.webp 300w, https:\/\/www.transports-coue.fr\/wp-content\/uploads\/2025\/03\/Groupe-coue-reunion-dirigeants-evolutrans-mars-2025-web-4-1030x579.webp 1030w, https:\/\/www.transports-coue.fr\/wp-content\/uploads\/2025\/03\/Groupe-coue-reunion-dirigeants-evolutrans-mars-2025-web-4-80x45.webp 80w, https:\/\/www.transports-coue.fr\/wp-content\/uploads\/2025\/03\/Groupe-coue-reunion-dirigeants-evolutrans-mars-2025-web-4-768x432.webp 768w, https:\/\/www.transports-coue.fr\/wp-content\/uploads\/2025\/03\/Groupe-coue-reunion-dirigeants-evolutrans-mars-2025-web-4-705x397.webp 705w\" sizes=\"auto, (max-width: 1280px) 100vw, 1280px\" \/><\/p>\n<p data-prosemirror-content-type=\"node\" data-prosemirror-node-name=\"paragraph\" data-prosemirror-node-block=\"true\"><img loading=\"lazy\" decoding=\"async\" class=\"alignnone wp-image-11812 size-full\" src=\"https:\/\/www.transports-coue.fr\/wp-content\/uploads\/2025\/03\/Groupe-coue-reunion-dirigeants-evolutrans-mars-2025-web-3.webp\" alt=\"R\u00e9union des dirigeants r\u00e9gionaux d'Evolutrans chez Groupe Cou\u00e9 TRM\" width=\"1280\" height=\"720\" srcset=\"https:\/\/www.transports-coue.fr\/wp-content\/uploads\/2025\/03\/Groupe-coue-reunion-dirigeants-evolutrans-mars-2025-web-3.webp 1280w, https:\/\/www.transports-coue.fr\/wp-content\/uploads\/2025\/03\/Groupe-coue-reunion-dirigeants-evolutrans-mars-2025-web-3-300x169.webp 300w, https:\/\/www.transports-coue.fr\/wp-content\/uploads\/2025\/03\/Groupe-coue-reunion-dirigeants-evolutrans-mars-2025-web-3-1030x579.webp 1030w, https:\/\/www.transports-coue.fr\/wp-content\/uploads\/2025\/03\/Groupe-coue-reunion-dirigeants-evolutrans-mars-2025-web-3-80x45.webp 80w, https:\/\/www.transports-coue.fr\/wp-content\/uploads\/2025\/03\/Groupe-coue-reunion-dirigeants-evolutrans-mars-2025-web-3-768x432.webp 768w, https:\/\/www.transports-coue.fr\/wp-content\/uploads\/2025\/03\/Groupe-coue-reunion-dirigeants-evolutrans-mars-2025-web-3-705x397.webp 705w\" sizes=\"auto, (max-width: 1280px) 100vw, 1280px\" \/><\/p>\n<p data-prosemirror-content-type=\"node\" data-prosemirror-node-name=\"paragraph\" data-prosemirror-node-block=\"true\"><img loading=\"lazy\" decoding=\"async\" class=\"alignnone wp-image-11810 size-full\" src=\"https:\/\/www.transports-coue.fr\/wp-content\/uploads\/2025\/03\/Groupe-coue-reunion-dirigeants-evolutrans-mars-2025-web-2.webp\" alt=\"R\u00e9union des dirigeants r\u00e9gionaux d'Evolutrans chez Groupe Cou\u00e9 TRM\" width=\"1280\" height=\"720\" srcset=\"https:\/\/www.transports-coue.fr\/wp-content\/uploads\/2025\/03\/Groupe-coue-reunion-dirigeants-evolutrans-mars-2025-web-2.webp 1280w, https:\/\/www.transports-coue.fr\/wp-content\/uploads\/2025\/03\/Groupe-coue-reunion-dirigeants-evolutrans-mars-2025-web-2-300x169.webp 300w, https:\/\/www.transports-coue.fr\/wp-content\/uploads\/2025\/03\/Groupe-coue-reunion-dirigeants-evolutrans-mars-2025-web-2-1030x579.webp 1030w, https:\/\/www.transports-coue.fr\/wp-content\/uploads\/2025\/03\/Groupe-coue-reunion-dirigeants-evolutrans-mars-2025-web-2-80x45.webp 80w, https:\/\/www.transports-coue.fr\/wp-content\/uploads\/2025\/03\/Groupe-coue-reunion-dirigeants-evolutrans-mars-2025-web-2-768x432.webp 768w, https:\/\/www.transports-coue.fr\/wp-content\/uploads\/2025\/03\/Groupe-coue-reunion-dirigeants-evolutrans-mars-2025-web-2-705x397.webp 705w\" sizes=\"auto, (max-width: 1280px) 100vw, 1280px\" \/><\/p>\n<p data-prosemirror-content-type=\"node\" data-prosemirror-node-name=\"paragraph\" data-prosemirror-node-block=\"true\"><img loading=\"lazy\" decoding=\"async\" class=\"alignnone wp-image-11808 size-full\" src=\"https:\/\/www.transports-coue.fr\/wp-content\/uploads\/2025\/03\/Groupe-coue-reunion-dirigeants-evolutrans-mars-2025-web-1.webp\" alt=\"R\u00e9union des dirigeants r\u00e9gionaux d'Evolutrans chez Groupe Cou\u00e9 TRM\" width=\"1280\" height=\"720\" srcset=\"https:\/\/www.transports-coue.fr\/wp-content\/uploads\/2025\/03\/Groupe-coue-reunion-dirigeants-evolutrans-mars-2025-web-1.webp 1280w, https:\/\/www.transports-coue.fr\/wp-content\/uploads\/2025\/03\/Groupe-coue-reunion-dirigeants-evolutrans-mars-2025-web-1-300x169.webp 300w, https:\/\/www.transports-coue.fr\/wp-content\/uploads\/2025\/03\/Groupe-coue-reunion-dirigeants-evolutrans-mars-2025-web-1-1030x579.webp 1030w, https:\/\/www.transports-coue.fr\/wp-content\/uploads\/2025\/03\/Groupe-coue-reunion-dirigeants-evolutrans-mars-2025-web-1-80x45.webp 80w, https:\/\/www.transports-coue.fr\/wp-content\/uploads\/2025\/03\/Groupe-coue-reunion-dirigeants-evolutrans-mars-2025-web-1-768x432.webp 768w, https:\/\/www.transports-coue.fr\/wp-content\/uploads\/2025\/03\/Groupe-coue-reunion-dirigeants-evolutrans-mars-2025-web-1-705x397.webp 705w\" sizes=\"auto, (max-width: 1280px) 100vw, 1280px\" \/><\/p>\n<p data-prosemirror-content-type=\"node\" data-prosemirror-node-name=\"paragraph\" data-prosemirror-node-block=\"true\">#Evolutrans #Transport #Logistique #Coh\u00e9sion #Strat\u00e9gie<\/p>","protected":false},"excerpt":{"rendered":"<p>Ce 19 mars, nous avons eu le plaisir d\u2019accueillir la R\u00e9union des Dirigeants R\u00e9gionaux de notre groupement Evolutrans. Au programme :\u2705 Une journ\u00e9e riche en \u00e9changes, en r\u00e9flexions strat\u00e9giques et constructives sur les enjeux de notre r\u00e9seau.\u2705 L&rsquo;occasion \u00e9galement de visiter nos diff\u00e9rents sites, nos plateformes Transport et Logistique, pour partager notre savoir-faire et nos [&hellip;]<\/p>\n","protected":false},"author":2,"featured_media":11806,"comment_status":"closed","ping_status":"open","sticky":false,"template":"","format":"standard","meta":{"om_disable_all_campaigns":false,"_monsterinsights_skip_tracking":false,"_monsterinsights_sitenote_active":false,"_monsterinsights_sitenote_note":"","_monsterinsights_sitenote_category":0,"footnotes":""},"categories":[4,6],"tags":[],"class_list":["post-11805","post","type-post","status-publish","format-standard","has-post-thumbnail","hentry","category-actualites","category-evenements"],"aioseo_notices":[],"_links":{"self":[{"href":"https:\/\/www.transports-coue.fr\/fr\/wp-json\/wp\/v2\/posts\/11805","targetHints":{"allow":["GET"]}}],"collection":[{"href":"https:\/\/www.transports-coue.fr\/fr\/wp-json\/wp\/v2\/posts"}],"about":[{"href":"https:\/\/www.transports-coue.fr\/fr\/wp-json\/wp\/v2\/types\/post"}],"author":[{"embeddable":true,"href":"https:\/\/www.transports-coue.fr\/fr\/wp-json\/wp\/v2\/users\/2"}],"replies":[{"embeddable":true,"href":"https:\/\/www.transports-coue.fr\/fr\/wp-json\/wp\/v2\/comments?post=11805"}],"version-history":[{"count":2,"href":"https:\/\/www.transports-coue.fr\/fr\/wp-json\/wp\/v2\/posts\/11805\/revisions"}],"predecessor-version":[{"id":11820,"href":"https:\/\/www.transports-coue.fr\/fr\/wp-json\/wp\/v2\/posts\/11805\/revisions\/11820"}],"wp:featuredmedia":[{"embeddable":true,"href":"https:\/\/www.transports-coue.fr\/fr\/wp-json\/wp\/v2\/media\/11806"}],"wp:attachment":[{"href":"https:\/\/www.transports-coue.fr\/fr\/wp-json\/wp\/v2\/media?parent=11805"}],"wp:term":[{"taxonomy":"category","embeddable":true,"href":"https:\/\/www.transports-coue.fr\/fr\/wp-json\/wp\/v2\/categories?post=11805"},{"taxonomy":"post_tag","embeddable":true,"href":"https:\/\/www.transports-coue.fr\/fr\/wp-json\/wp\/v2\/tags?post=11805"}],"curies":[{"name":"wp","href":"https:\/\/api.w.org\/{rel}","templated":true}]}}