{"id":11417,"date":"2025-01-23T10:06:50","date_gmt":"2025-01-23T09:06:50","guid":{"rendered":"https:\/\/www.transports-coue.fr\/?p=11417"},"modified":"2025-01-23T10:07:57","modified_gmt":"2025-01-23T09:07:57","slug":"rdv-le-samedi-1er-fevrier-a-laftral-de-laval-53","status":"publish","type":"post","link":"https:\/\/www.transports-coue.fr\/fr\/rdv-le-samedi-1er-fevrier-a-laftral-de-laval-53\/","title":{"rendered":"RDV le samedi 1er f\u00e9vrier \u00e0 l&rsquo;Aftral de Laval (53)"},"content":{"rendered":"<p data-pm-slice=\"1 1 []\">\ud83d\udce2 Nous serons pr\u00e9sents aux <em><strong>Portes Ouvertes<\/strong><\/em> de l&rsquo;<a href=\"https:\/\/maformation-monavenir.aftral.com\/jpo\/aftral-laval\/\" target=\"_blank\" rel=\"noopener\">AFTRAL \u00e0 Laval<\/a> (53, Mayenne)<\/p>\n<p><strong>David<\/strong>, notre formateur, vous expliquera les m\u00e9tiers du <strong>Transport<\/strong> \ud83d\ude9b et de la <strong>Logistique<\/strong>, avec un <strong>camion de notre entreprise<\/strong> pour une <strong>immersion<\/strong> encore plus concr\u00e8te !<\/p>\n<p>\ud83d\udcc6 le samedi 1er f\u00e9vrier<br \/>\n\ud83d\udccd \u00e0 Laval, Route de Saint Nazaire, ZA de la Gaufrier<br \/>\n\ud83d\udd55 de 9h \u00e0 12h<\/p>\n<p>\ud83d\udc65Venez nombreuses et nombreux !<\/p>\n<p>Tout savoir sur nos actualit\u00e9s :<br \/>\n<a href=\"https:\/\/www.transports-coue.fr\/fr\/actualites\/\" target=\"_blank\" rel=\"noopener\">https:\/\/www.transports-coue.fr\/fr\/actualites\/<\/a><\/p>\n<p>#orientation #transportroutier #logistique #reconversion #mayenne #laval #aftral<\/p>\n","protected":false},"excerpt":{"rendered":"<p>\ud83d\udce2 Nous serons pr\u00e9sents aux Portes Ouvertes de l&rsquo;AFTRAL \u00e0 Laval (53, Mayenne) David, notre formateur, vous expliquera les m\u00e9tiers du Transport \ud83d\ude9b et de la Logistique, avec un camion de notre entreprise pour une immersion encore plus concr\u00e8te ! \ud83d\udcc6 le samedi 1er f\u00e9vrier \ud83d\udccd \u00e0 Laval, Route de Saint Nazaire, ZA de la [&hellip;]<\/p>\n","protected":false},"author":2,"featured_media":11418,"comment_status":"closed","ping_status":"open","sticky":false,"template":"","format":"standard","meta":{"om_disable_all_campaigns":false,"_monsterinsights_skip_tracking":false,"_monsterinsights_sitenote_active":false,"_monsterinsights_sitenote_note":"","_monsterinsights_sitenote_category":0,"footnotes":""},"categories":[4,6],"tags":[],"class_list":["post-11417","post","type-post","status-publish","format-standard","has-post-thumbnail","hentry","category-actualites","category-evenements"],"aioseo_notices":[],"_links":{"self":[{"href":"https:\/\/www.transports-coue.fr\/fr\/wp-json\/wp\/v2\/posts\/11417","targetHints":{"allow":["GET"]}}],"collection":[{"href":"https:\/\/www.transports-coue.fr\/fr\/wp-json\/wp\/v2\/posts"}],"about":[{"href":"https:\/\/www.transports-coue.fr\/fr\/wp-json\/wp\/v2\/types\/post"}],"author":[{"embeddable":true,"href":"https:\/\/www.transports-coue.fr\/fr\/wp-json\/wp\/v2\/users\/2"}],"replies":[{"embeddable":true,"href":"https:\/\/www.transports-coue.fr\/fr\/wp-json\/wp\/v2\/comments?post=11417"}],"version-history":[{"count":1,"href":"https:\/\/www.transports-coue.fr\/fr\/wp-json\/wp\/v2\/posts\/11417\/revisions"}],"predecessor-version":[{"id":11420,"href":"https:\/\/www.transports-coue.fr\/fr\/wp-json\/wp\/v2\/posts\/11417\/revisions\/11420"}],"wp:featuredmedia":[{"embeddable":true,"href":"https:\/\/www.transports-coue.fr\/fr\/wp-json\/wp\/v2\/media\/11418"}],"wp:attachment":[{"href":"https:\/\/www.transports-coue.fr\/fr\/wp-json\/wp\/v2\/media?parent=11417"}],"wp:term":[{"taxonomy":"category","embeddable":true,"href":"https:\/\/www.transports-coue.fr\/fr\/wp-json\/wp\/v2\/categories?post=11417"},{"taxonomy":"post_tag","embeddable":true,"href":"https:\/\/www.transports-coue.fr\/fr\/wp-json\/wp\/v2\/tags?post=11417"}],"curies":[{"name":"wp","href":"https:\/\/api.w.org\/{rel}","templated":true}]}}