{"id":2646,"date":"2019-04-24T17:59:13","date_gmt":"2019-04-24T15:59:13","guid":{"rendered":"https:\/\/www.transports-coue.fr\/une-equipe-transports-coue-aux-6h-de-vtt-a-ernee-53\/"},"modified":"2021-04-22T15:19:05","modified_gmt":"2021-04-22T13:19:05","slug":"a-transports-coue-team-for-6h-of-mountain-biking-at-ernee-53","status":"publish","type":"post","link":"https:\/\/www.transports-coue.fr\/en\/a-transports-coue-team-for-6h-of-mountain-biking-at-ernee-53\/","title":{"rendered":"A Transports Cou\u00e9 Team for 6h of mountain biking at Ern\u00e9e (53)"},"content":{"rendered":"<p>On the 1st of May 2019 at Ern\u00e9e (53, Mayenne), we will be supporting our team in a sporting challenge. It is 6 hours of mountain biking on the Raymond Demy Circuit, organised by <a href=\"https:\/\/www.motoclubernee.com\/2018\/12\/27\/les-6-heures-de-vtt-de-lernee\/\" target=\"_blank\" rel=\"noopener noreferrer\">Moto Club Ern\u00e9e<\/a>\u00a0!<\/p>\n","protected":false},"excerpt":{"rendered":"<p>On the 1st of May 2019 at Ern\u00e9e (53, Mayenne), we will be supporting our team in a sporting challenge. It is 6 hours of mountain biking on the Raymond Demy Circuit, organised by Moto Club Ern\u00e9e\u00a0!<\/p>\n","protected":false},"author":2,"featured_media":2647,"comment_status":"closed","ping_status":"open","sticky":false,"template":"","format":"standard","meta":{"om_disable_all_campaigns":false,"_monsterinsights_skip_tracking":false,"_monsterinsights_sitenote_active":false,"_monsterinsights_sitenote_note":"","_monsterinsights_sitenote_category":0,"footnotes":""},"categories":[16,13,9],"tags":[],"class_list":["post-2646","post","type-post","status-publish","format-standard","has-post-thumbnail","hentry","category-giving-back","category-news","category-uncategorized"],"aioseo_notices":[],"_links":{"self":[{"href":"https:\/\/www.transports-coue.fr\/en\/wp-json\/wp\/v2\/posts\/2646","targetHints":{"allow":["GET"]}}],"collection":[{"href":"https:\/\/www.transports-coue.fr\/en\/wp-json\/wp\/v2\/posts"}],"about":[{"href":"https:\/\/www.transports-coue.fr\/en\/wp-json\/wp\/v2\/types\/post"}],"author":[{"embeddable":true,"href":"https:\/\/www.transports-coue.fr\/en\/wp-json\/wp\/v2\/users\/2"}],"replies":[{"embeddable":true,"href":"https:\/\/www.transports-coue.fr\/en\/wp-json\/wp\/v2\/comments?post=2646"}],"version-history":[{"count":4,"href":"https:\/\/www.transports-coue.fr\/en\/wp-json\/wp\/v2\/posts\/2646\/revisions"}],"predecessor-version":[{"id":5172,"href":"https:\/\/www.transports-coue.fr\/en\/wp-json\/wp\/v2\/posts\/2646\/revisions\/5172"}],"wp:featuredmedia":[{"embeddable":true,"href":"https:\/\/www.transports-coue.fr\/en\/wp-json\/wp\/v2\/media\/2647"}],"wp:attachment":[{"href":"https:\/\/www.transports-coue.fr\/en\/wp-json\/wp\/v2\/media?parent=2646"}],"wp:term":[{"taxonomy":"category","embeddable":true,"href":"https:\/\/www.transports-coue.fr\/en\/wp-json\/wp\/v2\/categories?post=2646"},{"taxonomy":"post_tag","embeddable":true,"href":"https:\/\/www.transports-coue.fr\/en\/wp-json\/wp\/v2\/tags?post=2646"}],"curies":[{"name":"wp","href":"https:\/\/api.w.org\/{rel}","templated":true}]}}